{"id":1382,"date":"2018-01-25T11:14:29","date_gmt":"2018-01-25T09:14:29","guid":{"rendered":"https:\/\/diakszemmel.hu\/?p=1382"},"modified":"2018-01-25T11:14:52","modified_gmt":"2018-01-25T09:14:52","slug":"miert-jo-vizsgaidoszak-6-ok-amire-sosem-gondoltal-volna","status":"publish","type":"post","link":"https:\/\/diakszemmel.hu\/index.php\/2018\/01\/miert-jo-vizsgaidoszak-6-ok-amire-sosem-gondoltal-volna\/","title":{"rendered":"Mi\u00e9rt j\u00f3 a vizsgaid\u0151szak? 6 ok, amire sosem gondolt\u00e1l volna"},"content":{"rendered":"\n<!-- Facebook Like Button v1.9.6 BEGIN [http:\/\/blog.bottomlessinc.com] -->\n<iframe src=\"http:\/\/www.facebook.com\/plugins\/like.php?href=https%3A%2F%2Fdiakszemmel.hu%2Findex.php%2F2018%2F01%2Fmiert-jo-vizsgaidoszak-6-ok-amire-sosem-gondoltal-volna%2F&amp;layout=standard&amp;show_faces=false&amp;width=450&amp;action=like&amp;colorscheme=light\" scrolling=\"no\" frameborder=\"0\" allowTransparency=\"true\" style=\"border:none; overflow:hidden; width:450px; height: 30px; align: left; margin: 2px 0px 2px 0px\"><\/iframe>\n<!-- Facebook Like Button END -->\n<p><strong>Vizsgaid\u0151szak. A mumus, amit\u0151l november v\u00e9ge \u00f3ta minden egyetemista rettegett. Itt van, lassan a v\u00e9g\u00e9hez k\u00f6zeledik. A f\u00e1radts\u00e1g \u00e9s keser\u0171s\u00e9g k\u00f6nnyei csorognak v\u00e9gig a di\u00e1kok arcain \u00e9s \u00e1tkozz\u00e1k a napot, amikor egyetemre j\u00f6ttek. Egyesek m\u00e1r csak a v\u00e9g\u00e9t v\u00e1rj\u00e1k.<\/strong><!--more--><\/p>\n<p><img data-recalc-dims=\"1\" loading=\"lazy\" decoding=\"async\" class=\"alignnone size-full wp-image-1383\" src=\"https:\/\/i0.wp.com\/diakszemmel.hu\/wp-tartalom\/uploads\/2018\/01\/vizsgaidoszak.jpg?resize=640%2C427&#038;ssl=1\" alt=\"\" width=\"640\" height=\"427\" srcset=\"https:\/\/i0.wp.com\/diakszemmel.hu\/wp-tartalom\/uploads\/2018\/01\/vizsgaidoszak.jpg?w=800&amp;ssl=1 800w, https:\/\/i0.wp.com\/diakszemmel.hu\/wp-tartalom\/uploads\/2018\/01\/vizsgaidoszak.jpg?resize=300%2C200&amp;ssl=1 300w, https:\/\/i0.wp.com\/diakszemmel.hu\/wp-tartalom\/uploads\/2018\/01\/vizsgaidoszak.jpg?resize=768%2C513&amp;ssl=1 768w, https:\/\/i0.wp.com\/diakszemmel.hu\/wp-tartalom\/uploads\/2018\/01\/vizsgaidoszak.jpg?resize=110%2C73&amp;ssl=1 110w, https:\/\/i0.wp.com\/diakszemmel.hu\/wp-tartalom\/uploads\/2018\/01\/vizsgaidoszak.jpg?resize=420%2C280&amp;ssl=1 420w, https:\/\/i0.wp.com\/diakszemmel.hu\/wp-tartalom\/uploads\/2018\/01\/vizsgaidoszak.jpg?resize=644%2C430&amp;ssl=1 644w, https:\/\/i0.wp.com\/diakszemmel.hu\/wp-tartalom\/uploads\/2018\/01\/vizsgaidoszak.jpg?resize=24%2C16&amp;ssl=1 24w, https:\/\/i0.wp.com\/diakszemmel.hu\/wp-tartalom\/uploads\/2018\/01\/vizsgaidoszak.jpg?resize=36%2C24&amp;ssl=1 36w, https:\/\/i0.wp.com\/diakszemmel.hu\/wp-tartalom\/uploads\/2018\/01\/vizsgaidoszak.jpg?resize=48%2C32&amp;ssl=1 48w\" sizes=\"auto, (max-width: 640px) 100vw, 640px\" \/><\/p>\n<p>De mi\u00e9rt? Ha jellemezni kellene a vizsgaid\u0151szakot, fogadni mern\u00e9k, hogy a hallgat\u00f3k 99 sz\u00e1zal\u00e9ka valami borzaszt\u00f3, esetleg nyomdafest\u00e9ket nem t\u0171r\u0151 jelz\u0151t haszn\u00e1lna. \u00c9n is \u00edgy l\u00e1ttam. Elkezdtem azonban gondolkozni, hogy akkor mi \u00e9rtelme van egy ilyen f\u00e1raszt\u00f3, kimer\u00edt\u0151 int\u00e9zm\u00e9nynek, mint a vizsg\u00e1z\u00e1s? Meglep\u0151, de tal\u00e1ltam nem is 1, hanem 6 olyan dolgot, ami\u00e9rt a vizsgaid\u0151szak igenis j\u00f3!<\/p>\n<h3>1. Sz\u00f6vegkiemel\u0151 \u00e9s f\u00fclhallgat\u00f3<\/h3>\n<p>Milli\u00f3 meg egy m\u00f3dszer \u00e1ll rendelkez\u00e9s\u00fcnkre egy adott anyagr\u00e9sz elsaj\u00e1t\u00edt\u00e1s\u00e1hoz. Azt gondoln\u00e1 az ember, hogy mire a tanul\u00f3k egyetemist\u00e1k lesznek, m\u00e1r megtal\u00e1lj\u00e1k azt a m\u00f3dszertant, amely sz\u00e1mukra a leghat\u00e9konyabb \u00e9s leggyorsabb. Tapasztalataim alapj\u00e1n azonban ez kor\u00e1n sem igaz. Legt\u00f6bben nem tudjuk, hova forduljunk, hogyan kezdj\u00fcnk neki a tananyagnak. A vizsgaid\u0151szak egyik legnagyobb el\u0151nye az, hogy a gyakorlatban is kipr\u00f3b\u00e1lhatjuk az egyes m\u00f3dszereket \u00e9s bizonyoss\u00e1got nyerhet\u00fcnk, nek\u00fcnk melyik a legmegfelel\u0151bb. Van, aki quizlet seg\u00edts\u00e9g\u00e9vel, van, aki hangosan \u00e9s van, aki csak zene mellett tud tanulni. Van, akinek le kell \u00edrnia a netr\u0151l szedett anyagot k\u00e9zzel, hogy megtanulja \u00e9s van, akinek el\u00e9g csak elolvasni. Egy biztos, a vizsgaid\u0151szak mindny\u00e1junkat r\u00e1k\u00e9nyszer\u00edt arra, hogy a lehet\u0151 legr\u00f6videbb id\u0151n bel\u00fcl megtal\u00e1ljuk a mi m\u00f3dszer\u00fcnk.<\/p>\n<h3>2. \u201ePapa, mama, gyerekek\u2026\u201d<\/h3>\n<p>Igaz, a tanul\u00e1s \u00e9s a vizsg\u00e1z\u00e1s rengeteg id\u0151nket lek\u00f6ti, m\u00e9gis, az tagadhatatlan, hogy ebben az egy, m\u00e1sf\u00e9l h\u00f3napban jelent\u0151sen t\u00f6bbet vagyunk otthon, a csal\u00e1dunkkal, mint \u00e1ltal\u00e1ban. Ez f\u0151k\u00e9ppen a vid\u00e9kiekre vonatkozik ugyan, mint j\u00f3magam, \u00e1m a helyi egyetemist\u00e1k is t\u00f6bb id\u0151t t\u00f6lthetnek \u00edgy a csal\u00e1djukkal, mintha eg\u00e9sz nap iskol\u00e1ban lenn\u00e9nek. Ez mindenk\u00e9ppen pozit\u00edv dolog, hiszen ha m\u00e1skor nem is, legal\u00e1bb a k\u00f6z\u00f6s \u00e9tkez\u00e9sek alkalm\u00e1val l\u00e1tja egym\u00e1st a csal\u00e1d, van lehet\u0151s\u00e9g kicsit felz\u00e1rk\u00f3zni, megtudni, mi t\u00f6rt\u00e9nik \u00e9ppen a m\u00e1sikkal.<\/p>\n<h3>3. \u201eMi nem mondjuk, hogy \u201eszeretlek\u201d, mi jegyzetet k\u00fcld\u00fcnk egym\u00e1snak.\u201d<\/h3>\n<p>A c\u00edmben id\u00e9zett mondatod az elm\u00falt hetekben rengeteg f\u00e1radt csoportt\u00e1rsunk \u00fczen\u0151fal\u00e1n \u00e9s k\u00f6z\u00f6ss\u00e9gi oldalon l\u00e1thattuk. \u00c9s milyen igaz ez a mondat! V\u00e9lem\u00e9nyem szerint a vizsgaid\u0151szak egyik hatalmas tanuls\u00e1ga, hogy megmutatja, kire lehet sz\u00e1m\u00edtani \u00e9s kire nem. A vizsgaid\u0151szak alatt l\u00e9trej\u00f6tt \u201e\u00e9rdekkapcsolatok\u201d a hetek sor\u00e1n igazi k\u00f6t\u0151d\u00e9ss\u00e9, bar\u00e1ts\u00e1gg\u00e1 form\u00e1l\u00f3dhatnak. J\u00f3 \u00e9rezni, hogy ak\u00e1rmilyen szorult helyzetben van az ember, van, akire sz\u00e1m\u00edthat, vannak, akik szurkolnak neki a terem el\u0151tt \u00e9s van, akivel meg lehet osztani az \u00f6r\u00f6m\u00fcnk \u00e9s b\u00e1natunk.<\/p>\n<h3>4. Olvas\u00e1s, olvas\u00e1s, olvas\u00e1s\u2026<\/h3>\n<p>B\u00f6lcs\u00e9sz \u00e9s hum\u00e1n szakokon a hallgat\u00f3s\u00e1g egyik legmegterhel\u0151bb feladata, hogy sikeresen elolvassa azt a t\u00f6m\u00e9nytelen mennyis\u00e9g\u0171 k\u00f6telez\u0151 olvasm\u00e1nyt \u00e9s szakirodalmat, ami a vizsg\u00e1k teljes\u00edt\u00e9s\u00e9hez sz\u00fcks\u00e9ges. Tapasztalatb\u00f3l mondom, hogy amikor az ember a m\u00e1sodik ezer oldalhoz kezd hozz\u00e1, a motiv\u00e1ci\u00f3ja hajlamos megcsappanni. Ezt a cikket \u00edrv\u00e1n viszont elgondolkoztam \u00e9s r\u00e1j\u00f6ttem: szeretek olvasni. Aki ilyen t\u00edpus\u00fa szakon van, mindenki szeret olvasni. A l\u00e9nyeg, hogy ezt ne felejts\u00fck el, \u00e9s m\u00e9g akkor is, mikor a szakirodalmat b\u00f6ng\u00e9ssz\u00fck, jusson esz\u00fcnkbe, hogy ez j\u00f3. A vizsgaid\u0151szak alatt rengeteg lehet\u0151s\u00e9g\u00fcnk van olvasni, \u00e9s ez nem lenne szabad, hogy idegess\u00e9, szomor\u00fav\u00e1 tegyen minket, hiszen im\u00e1djuk.<\/p>\n<h3>5. A tan\u00e1r is ember\u2026<\/h3>\n<p>A di\u00e1ks\u00e1g, \u00e9s alapj\u00e1raton az ember is hajlamos n\u00e9ha saj\u00e1t hib\u00e1i\u00e9rt k\u00fcls\u0151 t\u00e9nyez\u0151ket okolni. Mi\u00e9rt kell ezt mind megtanulni? Ennyi id\u0151 alatt, ezt hogy gondolta? Ezek a mondatok gyakran elhangzanak a folyos\u00f3n, sz\u00f3belire v\u00e1rva, \u00e1m nem szabad elfelejten\u00fcnk, a tan\u00e1r is ember, aki legt\u00f6bbsz\u00f6r t\u00e9nyleg azon f\u00e1radozik, hogy nek\u00fcnk, hallgat\u00f3knak j\u00f3 legyen. A vizsgaid\u0151szak lehet\u0151s\u00e9get ny\u00fajt arra, hogy megismerj\u00fck oktat\u00f3ink igazi jellem\u00e9t.<\/p>\n<p>Igaz t\u00f6rt\u00e9net: Egy di\u00e1k megbukott az els\u0151 vizsgaalkalmon (megesik az ilyen\u2026), \u00e1m a tan\u00e1r azt mondta neki, vegye fel a k\u00f6vetkez\u0151 \u00e9s egyben utols\u00f3 vizsgaalkalmat, menni fog ez. Mikor a hallgat\u00f3 elmondta, hogy nem tudja felvenni a p\u00f3tvizsg\u00e1t, mert \u00fctk\u00f6zne egy m\u00e1sik vizsg\u00e1j\u00e1val, az el\u0151ad\u00f3, ahelyett, hogy egy v\u00e1llr\u00e1nd\u00edt\u00e1ssal elint\u00e9zte volna a dolgot, azt mondta: \u201eVegye fel az alkalmat, \u00fagysem tudn\u00e1m addig kijav\u00edtani, j\u00f6jj\u00f6n be szombaton, bej\u00f6v\u00f6k \u00e9n is \u00e9s p\u00f3tolhatja a vizsg\u00e1t.\u201d Az ilyen, \u00e9s ehhez hasonl\u00f3 t\u00f6rt\u00e9netek megmelengetik a hallgat\u00f3k sz\u00edv\u00e9t, \u00e9s ebben a m\u00e1sf\u00e9l h\u00f3napban sok ilyen esetr\u0151l hallhattunk.<\/p>\n<h3>6. Siker, megnyugv\u00e1s<\/h3>\n<p>N\u00e9gy \u00f3r\u00e1s alv\u00e1sok, egymilli\u00f3 motiv\u00e1ci\u00f3s vide\u00f3 \u00e9s k\u00e9tsz\u00e1z ideg\u00f6sszeroppan\u00e1s ut\u00e1n elj\u00f6n az a pillanat, mikor kil\u00e9p\u00fcnk a terem ajtaj\u00e1n, a szabads\u00e1g szele megcsapja az orc\u00e1nk: v\u00e9gezt\u00fcnk. A vizsgaid\u0151szak legjobb pillanata m\u00e9giscsak a v\u00e9ge, amikor visszan\u00e9zve b\u00fcszk\u00e9k lehet\u00fcnk magunkra; kisebb nagyobb b\u00f6kken\u0151kkel ugyan, de megcsin\u00e1ltuk. Az a j\u00f3les\u0151 \u00e9rz\u00e9s, ami akkor szabadul fel benn\u00fcnk, amikor tudatosul; igenis, meg\u00e9rte tanulni, meg\u00e9rte mindent beleadni. Ha m\u00e1s\u00e9rt nem, ez\u00e9rt mindenk\u00e9ppen meg\u00e9ri vizsg\u00e1zni.<\/p>\n\n<!-- Facebook Like Button v1.9.6 BEGIN [http:\/\/blog.bottomlessinc.com] -->\n<iframe src=\"http:\/\/www.facebook.com\/plugins\/like.php?href=https%3A%2F%2Fdiakszemmel.hu%2Findex.php%2F2018%2F01%2Fmiert-jo-vizsgaidoszak-6-ok-amire-sosem-gondoltal-volna%2F&amp;layout=standard&amp;show_faces=false&amp;width=450&amp;action=like&amp;colorscheme=light\" scrolling=\"no\" frameborder=\"0\" allowTransparency=\"true\" style=\"border:none; overflow:hidden; width:450px; height: 30px; align: left; margin: 2px 0px 2px 0px\"><\/iframe>\n<!-- Facebook Like Button END -->\n","protected":false},"excerpt":{"rendered":"<p>Vizsgaid\u0151szak. A mumus, amit\u0151l november v\u00e9ge \u00f3ta minden egyetemista rettegett. Itt van, lassan a v\u00e9g\u00e9hez k\u00f6zeledik. A f\u00e1radts\u00e1g \u00e9s keser\u0171s\u00e9g k\u00f6nnyei csorognak v\u00e9gig a di\u00e1kok arcain \u00e9s \u00e1tkozz\u00e1k a napot, amikor egyetemre j\u00f6ttek. Egyesek m\u00e1r csak a v\u00e9g\u00e9t v\u00e1rj\u00e1k.<\/p>\n","protected":false},"author":6,"featured_media":1383,"comment_status":"closed","ping_status":"open","sticky":false,"template":"","format":"standard","meta":{"_jetpack_memberships_contains_paid_content":false,"footnotes":""},"categories":[4],"tags":[55,21,175,171],"class_list":["post-1382","post","type-post","status-publish","format-standard","has-post-thumbnail","hentry","category-suli_tippek","tag-egyetem","tag-kiemelt","tag-tanulas","tag-vizsgaidoszak"],"jetpack_featured_media_url":"https:\/\/i0.wp.com\/diakszemmel.hu\/wp-tartalom\/uploads\/2018\/01\/vizsgaidoszak.jpg?fit=800%2C534&ssl=1","jetpack_shortlink":"https:\/\/wp.me\/p7SAqx-mi","jetpack_sharing_enabled":true,"_links":{"self":[{"href":"https:\/\/diakszemmel.hu\/index.php\/wp-json\/wp\/v2\/posts\/1382","targetHints":{"allow":["GET"]}}],"collection":[{"href":"https:\/\/diakszemmel.hu\/index.php\/wp-json\/wp\/v2\/posts"}],"about":[{"href":"https:\/\/diakszemmel.hu\/index.php\/wp-json\/wp\/v2\/types\/post"}],"author":[{"embeddable":true,"href":"https:\/\/diakszemmel.hu\/index.php\/wp-json\/wp\/v2\/users\/6"}],"replies":[{"embeddable":true,"href":"https:\/\/diakszemmel.hu\/index.php\/wp-json\/wp\/v2\/comments?post=1382"}],"version-history":[{"count":0,"href":"https:\/\/diakszemmel.hu\/index.php\/wp-json\/wp\/v2\/posts\/1382\/revisions"}],"wp:featuredmedia":[{"embeddable":true,"href":"https:\/\/diakszemmel.hu\/index.php\/wp-json\/wp\/v2\/media\/1383"}],"wp:attachment":[{"href":"https:\/\/diakszemmel.hu\/index.php\/wp-json\/wp\/v2\/media?parent=1382"}],"wp:term":[{"taxonomy":"category","embeddable":true,"href":"https:\/\/diakszemmel.hu\/index.php\/wp-json\/wp\/v2\/categories?post=1382"},{"taxonomy":"post_tag","embeddable":true,"href":"https:\/\/diakszemmel.hu\/index.php\/wp-json\/wp\/v2\/tags?post=1382"}],"curies":[{"name":"wp","href":"https:\/\/api.w.org\/{rel}","templated":true}]}}