{"id":2035,"date":"2018-06-26T10:44:44","date_gmt":"2018-06-26T08:44:44","guid":{"rendered":"https:\/\/diakszemmel.hu\/?p=2035"},"modified":"2018-06-26T10:46:07","modified_gmt":"2018-06-26T08:46:07","slug":"osztalyokban-kialakulo-hierarchia","status":"publish","type":"post","link":"https:\/\/diakszemmel.hu\/index.php\/2018\/06\/osztalyokban-kialakulo-hierarchia\/","title":{"rendered":"Oszt\u00e1lyokban kialakul\u00f3 hierarchia"},"content":{"rendered":"\n<!-- Facebook Like Button v1.9.6 BEGIN [http:\/\/blog.bottomlessinc.com] -->\n<iframe src=\"http:\/\/www.facebook.com\/plugins\/like.php?href=https%3A%2F%2Fdiakszemmel.hu%2Findex.php%2F2018%2F06%2Fosztalyokban-kialakulo-hierarchia%2F&amp;layout=standard&amp;show_faces=false&amp;width=450&amp;action=like&amp;colorscheme=light\" scrolling=\"no\" frameborder=\"0\" allowTransparency=\"true\" style=\"border:none; overflow:hidden; width:450px; height: 30px; align: left; margin: 2px 0px 2px 0px\"><\/iframe>\n<!-- Facebook Like Button END -->\n<p><strong>Legyen sz\u00f3 k\u00f6z\u00e9piskolai vagy \u00e1ltal\u00e1nos iskolai oszt\u00e1lyr\u00f3l, mindenhol egyar\u00e1nt jelent van m\u00e1r napjainkban a k\u00fcl\u00f6nb\u00f6z\u0151 hierarchia. Hogy mire gondolok mikor ezt \u00edrom?<\/strong><!--more--><\/p>\n<p>Gondoljon mindenki a saj\u00e1t oszt\u00e1ly\u00e1ra. R\u00f6gvest mindenkinek be fog ugrani az oszt\u00e1ly\u00e1b\u00f3l egy-egy n\u00e9v, mikor azokat a c\u00edmszavakat mondom, hogy: visszah\u00faz\u00f3d\u00f3, str\u00e9ber, az \u00e9sz, a nagysz\u00e1j\u00fa, az az ember, aki eg\u00e9sz nap csendben van m\u00e9gis t\u00f6bb dologr\u00f3l tud mint azt hinn\u00e9nk, a \u201en\u00e9ma\u201d pletyk\u00e1s aki a h\u00e1tt\u00e9rb\u0151l \u00fagy tudja ir\u00e1ny\u00edtani a sz\u00e1lakat, hogy egyes embereknek rossz legyen de neki j\u00f3, \u00e9s az az ember akir\u0151l azt hinn\u00e9 az ember, hogy nagy sz\u00e1ja van \u00e9s bunk\u00f3, de legbel\u00fcl az oszt\u00e1ly egyik legnorm\u00e1lisabb embere.<\/p>\n<p><img data-recalc-dims=\"1\" loading=\"lazy\" decoding=\"async\" class=\"wp-image-2036 aligncenter\" src=\"https:\/\/i0.wp.com\/diakszemmel.hu\/wp-tartalom\/uploads\/2018\/06\/osztaly.jpg?resize=599%2C337&#038;ssl=1\" alt=\"\" width=\"599\" height=\"337\" srcset=\"https:\/\/i0.wp.com\/diakszemmel.hu\/wp-tartalom\/uploads\/2018\/06\/osztaly.jpg?w=800&amp;ssl=1 800w, https:\/\/i0.wp.com\/diakszemmel.hu\/wp-tartalom\/uploads\/2018\/06\/osztaly.jpg?resize=300%2C169&amp;ssl=1 300w, https:\/\/i0.wp.com\/diakszemmel.hu\/wp-tartalom\/uploads\/2018\/06\/osztaly.jpg?resize=768%2C432&amp;ssl=1 768w, https:\/\/i0.wp.com\/diakszemmel.hu\/wp-tartalom\/uploads\/2018\/06\/osztaly.jpg?resize=110%2C62&amp;ssl=1 110w, https:\/\/i0.wp.com\/diakszemmel.hu\/wp-tartalom\/uploads\/2018\/06\/osztaly.jpg?resize=420%2C236&amp;ssl=1 420w, https:\/\/i0.wp.com\/diakszemmel.hu\/wp-tartalom\/uploads\/2018\/06\/osztaly.jpg?resize=764%2C430&amp;ssl=1 764w, https:\/\/i0.wp.com\/diakszemmel.hu\/wp-tartalom\/uploads\/2018\/06\/osztaly.jpg?resize=24%2C14&amp;ssl=1 24w, https:\/\/i0.wp.com\/diakszemmel.hu\/wp-tartalom\/uploads\/2018\/06\/osztaly.jpg?resize=36%2C20&amp;ssl=1 36w, https:\/\/i0.wp.com\/diakszemmel.hu\/wp-tartalom\/uploads\/2018\/06\/osztaly.jpg?resize=48%2C27&amp;ssl=1 48w\" sizes=\"auto, (max-width: 599px) 100vw, 599px\" \/><\/p>\n<p>Ezek a jelz\u0151k, az esetek 90%-\u00e1ban megjelennek minden egyes oszt\u00e1lyban koroszt\u00e1lyt\u00f3l f\u00fcggetlen\u00fcl. Vegy\u00fck korunkhoz ill\u0151en a k\u00f6z\u00e9piskol\u00e1sokat p\u00e9ld\u00e1nak.<\/p>\n<p>Beker\u00fcl\u00fcnk 9. oszt\u00e1lyba egy teljesen \u00faj k\u00f6rnyezetbe, vadidegenekkel k\u00f6r\u00fclv\u00e9ve. Az els\u0151 egy h\u00f3nap igen meghat\u00e1roz\u00f3 lesz itt mindenki sz\u00e1m\u00e1ra. Kialakul az oszt\u00e1lynak az a hierarchi\u00e1ja (rangsora) ami alapj\u00e1n k\u00e9s\u0151bb m\u0171k\u00f6dik a k\u00f6z\u00f6ss\u00e9g. Kialakul ki lesz az, aki \u201evinni fogja az oszt\u00e1lyt\u201d \u00e9s az \u0151 szava fogja adni a t\u00f6bbs\u00e9g\u00e9t, alakot \u00f6lt, hogy ki lesz az oszt\u00e1ly esze aki p\u00e9ld\u00e1ul az iskolai versenyeken brill\u00edrozni fog \u00e9s neki k\u00f6sz\u00f6nhet\u0151en nyernek versenyt.<\/p>\n<p>Sokszor ad\u00f3dik \u00fagy, hogy valamilyen okb\u00f3l kifoly\u00f3lag \u00e9vk\u00f6zben iskol\u00e1t vagy ak\u00e1r csak oszt\u00e1lyt kell v\u00e1ltania valakinek, mert \u00e9ppen nem tudott beilleszkedni, vagy mert csak \u00e9ppen nem tetszett neki az ottani k\u00f6rnyezet. Ezesetben szokott el\u0151fordulni, hogy vagy nagyon nehezen, vagy soha nem is fog siker\u00fclni neki igaz\u00e1n a beilleszked\u00e9s, hiszen a m\u00e1r megl\u00e9v\u0151 hierarchi\u00e1ban vagy siker\u00fcl valaki mell\u00e9 csatlakoznia egy \u201eszerepben\u201d vagy valakit \u201ekil\u00f6k\u201d a hely\u00e9r\u0151l (ezesetben szoktak \u00e9vekig tart\u00f3 h\u00e1bor\u00faskod\u00e1sok menni a hely\u00e9rt ut\u00e1na a k\u00e9t fiatal k\u00f6z\u00f6tt), ezesetben akit \u201ekil\u00f6k\u201d rangl\u00e9tra n\u00e9lk\u00fcl marad, ami esetlegesen megbor\u00edthatja az oszt\u00e1ly harm\u00f3ni\u00e1j\u00e1t.<\/p>\n<p>Ezt a kialakult helyzetet tudn\u00e1m hasonl\u00edtani az \u00e1llatvil\u00e1ghoz is, mert igen, az \u00e1llatvil\u00e1gban is megvan mindenkinek a maga rangsorol\u00e1sa. Sz\u00e9pen is n\u00e9zn\u00e9nk ki ha a gyeng\u00e9bb \u00e1llatt enn\u00e9 meg az er\u0151sebbet \u00e9s nagyobbat, \u00e9s itt a l\u00e9nyeg! Az er\u0151viszonyok! Nem felt\u00e9tlen fizikai er\u0151r\u0151l besz\u00e9l\u00fcnk ilyenkor, lehet ez lelki er\u0151 \/ bels\u0151 er\u0151. Mindenkinek a hely\u00e9t az hat\u00e1rozza meg, hogy mennyire talpraesett, \u00e9s mennyire k\u00e9pes ki\u00e1llni a saj\u00e1t igaz\u00e1\u00e9rt. Aki p\u00e9ld\u00e1ul nem el\u00e9g hat\u00e1rozott \u00e9s talpraesett, \u0151 ink\u00e1bb a visszah\u00faz\u00f3d\u00f3 csendes szerepet fogja csak tudni bet\u00f6lteni az oszt\u00e1lyban, mert aki hat\u00e1rozott \u00e9s szemf\u00fcles, hamarabb tudja \u00e9rv\u00e9nyes\u00edteni az akarat\u00e1t \u00e9s mondanival\u00f3j\u00e1t.<\/p>\n<p>Nagyon \u00e9rdekes dolgok ezek \u00e9s az f\u0151leg, hogy az ember nem is gondoln\u00e1, hogy egy egyszer\u0171 oszt\u00e1lyb\u00f3l is mennyi p\u00e1rhuzam h\u00fazhat\u00f3 \u00e1t az \u00e1llatvil\u00e1gban kialakult hierarchi\u00e1ba.<\/p>\n\n<!-- Facebook Like Button v1.9.6 BEGIN [http:\/\/blog.bottomlessinc.com] -->\n<iframe src=\"http:\/\/www.facebook.com\/plugins\/like.php?href=https%3A%2F%2Fdiakszemmel.hu%2Findex.php%2F2018%2F06%2Fosztalyokban-kialakulo-hierarchia%2F&amp;layout=standard&amp;show_faces=false&amp;width=450&amp;action=like&amp;colorscheme=light\" scrolling=\"no\" frameborder=\"0\" allowTransparency=\"true\" style=\"border:none; overflow:hidden; width:450px; height: 30px; align: left; margin: 2px 0px 2px 0px\"><\/iframe>\n<!-- Facebook Like Button END -->\n","protected":false},"excerpt":{"rendered":"<p>Legyen sz\u00f3 k\u00f6z\u00e9piskolai vagy \u00e1ltal\u00e1nos iskolai oszt\u00e1lyr\u00f3l, mindenhol egyar\u00e1nt jelent van m\u00e1r napjainkban a k\u00fcl\u00f6nb\u00f6z\u0151 hierarchia. Hogy mire gondolok mikor ezt \u00edrom?<\/p>\n","protected":false},"author":10,"featured_media":2036,"comment_status":"closed","ping_status":"open","sticky":false,"template":"","format":"standard","meta":{"_jetpack_memberships_contains_paid_content":false,"footnotes":""},"categories":[537],"tags":[664,663],"class_list":["post-2035","post","type-post","status-publish","format-standard","has-post-thumbnail","hentry","category-gondolkodos","tag-gimnazium","tag-osztaly"],"jetpack_featured_media_url":"https:\/\/i0.wp.com\/diakszemmel.hu\/wp-tartalom\/uploads\/2018\/06\/osztaly.jpg?fit=800%2C450&ssl=1","jetpack_shortlink":"https:\/\/wp.me\/p7SAqx-wP","jetpack_sharing_enabled":true,"_links":{"self":[{"href":"https:\/\/diakszemmel.hu\/index.php\/wp-json\/wp\/v2\/posts\/2035","targetHints":{"allow":["GET"]}}],"collection":[{"href":"https:\/\/diakszemmel.hu\/index.php\/wp-json\/wp\/v2\/posts"}],"about":[{"href":"https:\/\/diakszemmel.hu\/index.php\/wp-json\/wp\/v2\/types\/post"}],"author":[{"embeddable":true,"href":"https:\/\/diakszemmel.hu\/index.php\/wp-json\/wp\/v2\/users\/10"}],"replies":[{"embeddable":true,"href":"https:\/\/diakszemmel.hu\/index.php\/wp-json\/wp\/v2\/comments?post=2035"}],"version-history":[{"count":0,"href":"https:\/\/diakszemmel.hu\/index.php\/wp-json\/wp\/v2\/posts\/2035\/revisions"}],"wp:featuredmedia":[{"embeddable":true,"href":"https:\/\/diakszemmel.hu\/index.php\/wp-json\/wp\/v2\/media\/2036"}],"wp:attachment":[{"href":"https:\/\/diakszemmel.hu\/index.php\/wp-json\/wp\/v2\/media?parent=2035"}],"wp:term":[{"taxonomy":"category","embeddable":true,"href":"https:\/\/diakszemmel.hu\/index.php\/wp-json\/wp\/v2\/categories?post=2035"},{"taxonomy":"post_tag","embeddable":true,"href":"https:\/\/diakszemmel.hu\/index.php\/wp-json\/wp\/v2\/tags?post=2035"}],"curies":[{"name":"wp","href":"https:\/\/api.w.org\/{rel}","templated":true}]}}