{"id":2335,"date":"2018-09-04T10:04:10","date_gmt":"2018-09-04T08:04:10","guid":{"rendered":"https:\/\/diakszemmel.hu\/?p=2335"},"modified":"2018-09-04T10:04:32","modified_gmt":"2018-09-04T08:04:32","slug":"erdekes-tortenelmi-tenyek-amik-osszezavarjak-az-idoerzekelesed","status":"publish","type":"post","link":"https:\/\/diakszemmel.hu\/index.php\/2018\/09\/erdekes-tortenelmi-tenyek-amik-osszezavarjak-az-idoerzekelesed\/","title":{"rendered":"\u00c9rdekes t\u00f6rt\u00e9nelmi t\u00e9nyek, amik \u00f6sszezavarj\u00e1k az id\u0151\u00e9rz\u00e9kel\u00e9sed"},"content":{"rendered":"\n<!-- Facebook Like Button v1.9.6 BEGIN [http:\/\/blog.bottomlessinc.com] -->\n<iframe src=\"http:\/\/www.facebook.com\/plugins\/like.php?href=https%3A%2F%2Fdiakszemmel.hu%2Findex.php%2F2018%2F09%2Ferdekes-tortenelmi-tenyek-amik-osszezavarjak-az-idoerzekelesed%2F&amp;layout=standard&amp;show_faces=false&amp;width=450&amp;action=like&amp;colorscheme=light\" scrolling=\"no\" frameborder=\"0\" allowTransparency=\"true\" style=\"border:none; overflow:hidden; width:450px; height: 30px; align: left; margin: 2px 0px 2px 0px\"><\/iframe>\n<!-- Facebook Like Button END -->\n<p><strong>A fontosabb t\u00f6rt\u00e9nelmi esem\u00e9nyekr\u0151l \u00e9s korszakokr\u00f3l van egy hozz\u00e1vet\u0151leges kronol\u00f3gia a fej\u00fcnkben, de abba ritk\u00e1n szoktunk belegondolni, hogy mi mivel t\u00f6rt\u00e9nt egyszerre. Mutatunk n\u00e9h\u00e1ny p\u00e9ld\u00e1t, \u00e9s szinte biztosra vessz\u00fck, hogy te is meg fogsz lep\u0151dni!<\/strong><!--more--><\/p>\n<p>M\u00e9g ha nagyj\u00e1b\u00f3l el is tudod helyezni az egyes dolgokat id\u0151ben, a fejedben val\u00f3sz\u00edn\u0171leg egyszer\u0171en \u00fagy van, hogy &#8222;r\u00e9gi dolgok&#8221;. Az al\u00e1bbi n\u00e9h\u00e1ny p\u00e9lda megmutatja, hogy mi mivel t\u00f6rt\u00e9nt egyszerre, \u00e9s ez egy eg\u00e9szen \u00faj perspekt\u00edv\u00e1t ad, amivel ezekre az esem\u00e9nyekre tekinthetsz.<\/p>\n<p>II. Erzs\u00e9bet, brit kir\u00e1lyn\u0151 \u00e9s Marilyn Monroe ugyanabban az \u00e9vben sz\u00fclettek. Az al\u00e1bbi k\u00e9pen, ami 1956-ban k\u00e9sz\u00fclt egy londoni filmbemutat\u00f3n, mindketten 30. \u00e9vesek.<\/p>\n<p><img data-recalc-dims=\"1\" loading=\"lazy\" decoding=\"async\" class=\"alignnone size-full wp-image-2336\" src=\"https:\/\/i0.wp.com\/diakszemmel.hu\/wp-tartalom\/uploads\/2018\/09\/tortenelem_01.jpg?resize=640%2C853&#038;ssl=1\" alt=\"\" width=\"640\" height=\"853\" srcset=\"https:\/\/i0.wp.com\/diakszemmel.hu\/wp-tartalom\/uploads\/2018\/09\/tortenelem_01.jpg?w=700&amp;ssl=1 700w, https:\/\/i0.wp.com\/diakszemmel.hu\/wp-tartalom\/uploads\/2018\/09\/tortenelem_01.jpg?resize=225%2C300&amp;ssl=1 225w, https:\/\/i0.wp.com\/diakszemmel.hu\/wp-tartalom\/uploads\/2018\/09\/tortenelem_01.jpg?resize=83%2C110&amp;ssl=1 83w, https:\/\/i0.wp.com\/diakszemmel.hu\/wp-tartalom\/uploads\/2018\/09\/tortenelem_01.jpg?resize=315%2C420&amp;ssl=1 315w, https:\/\/i0.wp.com\/diakszemmel.hu\/wp-tartalom\/uploads\/2018\/09\/tortenelem_01.jpg?resize=323%2C430&amp;ssl=1 323w, https:\/\/i0.wp.com\/diakszemmel.hu\/wp-tartalom\/uploads\/2018\/09\/tortenelem_01.jpg?resize=18%2C24&amp;ssl=1 18w, https:\/\/i0.wp.com\/diakszemmel.hu\/wp-tartalom\/uploads\/2018\/09\/tortenelem_01.jpg?resize=27%2C36&amp;ssl=1 27w, https:\/\/i0.wp.com\/diakszemmel.hu\/wp-tartalom\/uploads\/2018\/09\/tortenelem_01.jpg?resize=36%2C48&amp;ssl=1 36w\" sizes=\"auto, (max-width: 640px) 100vw, 640px\" \/><\/p>\n<p>Harriet, a tekn\u0151s, 2006-ban halt meg, \u00e9lete sor\u00e1n tal\u00e1lkozott Charles Darwinnal! Azt mes\u00e9lik, hogy maga Darwin hozta \u0151t el a Gal\u00e1pagos szigetekr\u0151l, amikor ott j\u00e1rt exped\u00edci\u00f3j\u00e1n, de a t\u00f6rt\u00e9net igazs\u00e1gtartalm\u00e1val kapcsolatban vannak k\u00e9telyek, m\u00e1sok azt mondj\u00e1k, Darwin nem is j\u00e1rt azon a szigeten, ahonnan a tekn\u0151s sz\u00e1rmazik. A p\u00e1nc\u00e9los \u00e1llat 175 \u00e9v k\u00f6r\u00fcli kort \u00e9lt meg.<\/p>\n<p><img data-recalc-dims=\"1\" loading=\"lazy\" decoding=\"async\" class=\"alignnone size-full wp-image-2337\" src=\"https:\/\/i0.wp.com\/diakszemmel.hu\/wp-tartalom\/uploads\/2018\/09\/tortenelem_02.jpg?resize=640%2C399&#038;ssl=1\" alt=\"\" width=\"640\" height=\"399\" srcset=\"https:\/\/i0.wp.com\/diakszemmel.hu\/wp-tartalom\/uploads\/2018\/09\/tortenelem_02.jpg?w=700&amp;ssl=1 700w, https:\/\/i0.wp.com\/diakszemmel.hu\/wp-tartalom\/uploads\/2018\/09\/tortenelem_02.jpg?resize=300%2C187&amp;ssl=1 300w, https:\/\/i0.wp.com\/diakszemmel.hu\/wp-tartalom\/uploads\/2018\/09\/tortenelem_02.jpg?resize=110%2C69&amp;ssl=1 110w, https:\/\/i0.wp.com\/diakszemmel.hu\/wp-tartalom\/uploads\/2018\/09\/tortenelem_02.jpg?resize=420%2C262&amp;ssl=1 420w, https:\/\/i0.wp.com\/diakszemmel.hu\/wp-tartalom\/uploads\/2018\/09\/tortenelem_02.jpg?resize=690%2C430&amp;ssl=1 690w, https:\/\/i0.wp.com\/diakszemmel.hu\/wp-tartalom\/uploads\/2018\/09\/tortenelem_02.jpg?resize=24%2C15&amp;ssl=1 24w, https:\/\/i0.wp.com\/diakszemmel.hu\/wp-tartalom\/uploads\/2018\/09\/tortenelem_02.jpg?resize=36%2C22&amp;ssl=1 36w, https:\/\/i0.wp.com\/diakszemmel.hu\/wp-tartalom\/uploads\/2018\/09\/tortenelem_02.jpg?resize=48%2C30&amp;ssl=1 48w\" sizes=\"auto, (max-width: 640px) 100vw, 640px\" \/><\/p>\n<p>A gyapjas mammutok m\u00e9g \u00e9ltek, amikor az egyiptomiak \u00e9p\u00edtett\u00e9k a piramisokat. Az utols\u00f3 p\u00e9ld\u00e1nyok eg\u00e9szen i.e. 1650 k\u00f6r\u00fclig megtal\u00e1lhat\u00f3ak voltak egy, a mai Oroszorsz\u00e1g keleti partja ment\u00e9n l\u00e9v\u0151 szigeten. Ek\u00f6zben a nagy piramisok k\u00f6z\u00fcl a legr\u00e9gebbit m\u00e1r i.e. 2630 t\u00e1j\u00e9k\u00e1n elkezdt\u00e9k \u00e9p\u00edteni.<\/p>\n<p><img data-recalc-dims=\"1\" loading=\"lazy\" decoding=\"async\" class=\"alignnone size-full wp-image-2338\" src=\"https:\/\/i0.wp.com\/diakszemmel.hu\/wp-tartalom\/uploads\/2018\/09\/tortenelem_03.jpg?resize=640%2C906&#038;ssl=1\" alt=\"\" width=\"640\" height=\"906\" srcset=\"https:\/\/i0.wp.com\/diakszemmel.hu\/wp-tartalom\/uploads\/2018\/09\/tortenelem_03.jpg?w=700&amp;ssl=1 700w, https:\/\/i0.wp.com\/diakszemmel.hu\/wp-tartalom\/uploads\/2018\/09\/tortenelem_03.jpg?resize=212%2C300&amp;ssl=1 212w, https:\/\/i0.wp.com\/diakszemmel.hu\/wp-tartalom\/uploads\/2018\/09\/tortenelem_03.jpg?resize=78%2C110&amp;ssl=1 78w, https:\/\/i0.wp.com\/diakszemmel.hu\/wp-tartalom\/uploads\/2018\/09\/tortenelem_03.jpg?resize=297%2C420&amp;ssl=1 297w, https:\/\/i0.wp.com\/diakszemmel.hu\/wp-tartalom\/uploads\/2018\/09\/tortenelem_03.jpg?resize=304%2C430&amp;ssl=1 304w, https:\/\/i0.wp.com\/diakszemmel.hu\/wp-tartalom\/uploads\/2018\/09\/tortenelem_03.jpg?resize=17%2C24&amp;ssl=1 17w, https:\/\/i0.wp.com\/diakszemmel.hu\/wp-tartalom\/uploads\/2018\/09\/tortenelem_03.jpg?resize=25%2C36&amp;ssl=1 25w, https:\/\/i0.wp.com\/diakszemmel.hu\/wp-tartalom\/uploads\/2018\/09\/tortenelem_03.jpg?resize=34%2C48&amp;ssl=1 34w\" sizes=\"auto, (max-width: 640px) 100vw, 640px\" \/><\/p>\n<p>Az Oxfordi Egyetem m\u00e1r t\u00f6bb sz\u00e1z \u00e9ve l\u00e9tezett, mikor az Azt\u00e9k Birodalom l\u00e9trej\u00f6tt. Mexik\u00f3ban az Azt\u00e9k Birodalom 1428-ban j\u00f6tt l\u00e9tre h\u00e1rom v\u00e1ros\u00e1llam sz\u00f6vets\u00e9gek\u00e9nt. Uralt\u00e1k a k\u00f6rny\u00e9ket eg\u00e9szen 1521-ig, amikor spanyol h\u00f3d\u00edt\u00f3k, Hern\u00e1n Cort\u00e9s vezet\u00e9s\u00e9vel legy\u0151zt\u00e9k \u0151ket. Az \u00f6sszetett \u00e9s gazdag mitol\u00f3giai \u00e9s vall\u00e1si trad\u00edci\u00f3kkal rendelkez\u0151 azt\u00e9k kult\u00fara mind az \u00e9p\u00edt\u00e9szetben, mind a m\u0171v\u00e9szetben jelent\u0151s volt.<br \/>\nM\u00e9gis \u00fagy tekint\u00fcnk r\u00e1, mint valami nagyon r\u00e9gire, mik\u00f6zben az Oxfordi Egyetem egy ma is m\u0171k\u00f6d\u0151 int\u00e9zm\u00e9ny.<br \/>\nNos, b\u00e1r nem ismert pontos alap\u00edt\u00e1si d\u00e1tuma, 1096-ban m\u00e1r vannak feljegyz\u00e9sek arr\u00f3l, hogy tan\u00edt\u00e1s zajlott az Oxfordi Egyetemen. Ezzel a vil\u00e1g m\u00e1sodik legr\u00e9gibb egyeteme, ami 1167-ben kezdett rohamosan fejl\u0151dni, amikor II. Henrik megtiltotta az angoloknak, hogy a p\u00e1rizsi egyetemre iratkozzanak be.<\/p>\n<p><img data-recalc-dims=\"1\" loading=\"lazy\" decoding=\"async\" class=\"alignnone size-full wp-image-2339\" src=\"https:\/\/i0.wp.com\/diakszemmel.hu\/wp-tartalom\/uploads\/2018\/09\/tortenelem_04.jpg?resize=640%2C887&#038;ssl=1\" alt=\"\" width=\"640\" height=\"887\" srcset=\"https:\/\/i0.wp.com\/diakszemmel.hu\/wp-tartalom\/uploads\/2018\/09\/tortenelem_04.jpg?w=700&amp;ssl=1 700w, https:\/\/i0.wp.com\/diakszemmel.hu\/wp-tartalom\/uploads\/2018\/09\/tortenelem_04.jpg?resize=216%2C300&amp;ssl=1 216w, https:\/\/i0.wp.com\/diakszemmel.hu\/wp-tartalom\/uploads\/2018\/09\/tortenelem_04.jpg?resize=79%2C110&amp;ssl=1 79w, https:\/\/i0.wp.com\/diakszemmel.hu\/wp-tartalom\/uploads\/2018\/09\/tortenelem_04.jpg?resize=303%2C420&amp;ssl=1 303w, https:\/\/i0.wp.com\/diakszemmel.hu\/wp-tartalom\/uploads\/2018\/09\/tortenelem_04.jpg?resize=310%2C430&amp;ssl=1 310w, https:\/\/i0.wp.com\/diakszemmel.hu\/wp-tartalom\/uploads\/2018\/09\/tortenelem_04.jpg?resize=17%2C24&amp;ssl=1 17w, https:\/\/i0.wp.com\/diakszemmel.hu\/wp-tartalom\/uploads\/2018\/09\/tortenelem_04.jpg?resize=26%2C36&amp;ssl=1 26w, https:\/\/i0.wp.com\/diakszemmel.hu\/wp-tartalom\/uploads\/2018\/09\/tortenelem_04.jpg?resize=35%2C48&amp;ssl=1 35w\" sizes=\"auto, (max-width: 640px) 100vw, 640px\" \/><\/p>\n<p>George Washington 1799-ben halt meg. Az els\u0151 dinoszaurusz maradv\u00e1nyokat 1824-ben tal\u00e1lt\u00e1k meg. George Washington, \u00fagy halt meg, hogy nem tudta: l\u00e9teztek dinoszauruszok. Az Egyes\u00fclt \u00c1llamok els\u0151 eln\u00f6ke teh\u00e1t m\u00e9g az el\u0151tt \u00e9lt, hogy William Buckland term\u00e9szettud\u00f3s 1824-ben megnevezte volna az els\u0151 din\u00f3t, a megalosaurust.<\/p>\n<p><img data-recalc-dims=\"1\" loading=\"lazy\" decoding=\"async\" class=\"alignnone size-full wp-image-2340\" src=\"https:\/\/i0.wp.com\/diakszemmel.hu\/wp-tartalom\/uploads\/2018\/09\/tortenelem_05.jpg?resize=640%2C1167&#038;ssl=1\" alt=\"\" width=\"640\" height=\"1167\" srcset=\"https:\/\/i0.wp.com\/diakszemmel.hu\/wp-tartalom\/uploads\/2018\/09\/tortenelem_05.jpg?w=700&amp;ssl=1 700w, https:\/\/i0.wp.com\/diakszemmel.hu\/wp-tartalom\/uploads\/2018\/09\/tortenelem_05.jpg?resize=165%2C300&amp;ssl=1 165w, https:\/\/i0.wp.com\/diakszemmel.hu\/wp-tartalom\/uploads\/2018\/09\/tortenelem_05.jpg?resize=562%2C1024&amp;ssl=1 562w, https:\/\/i0.wp.com\/diakszemmel.hu\/wp-tartalom\/uploads\/2018\/09\/tortenelem_05.jpg?resize=60%2C110&amp;ssl=1 60w, https:\/\/i0.wp.com\/diakszemmel.hu\/wp-tartalom\/uploads\/2018\/09\/tortenelem_05.jpg?resize=230%2C420&amp;ssl=1 230w, https:\/\/i0.wp.com\/diakszemmel.hu\/wp-tartalom\/uploads\/2018\/09\/tortenelem_05.jpg?resize=236%2C430&amp;ssl=1 236w, https:\/\/i0.wp.com\/diakszemmel.hu\/wp-tartalom\/uploads\/2018\/09\/tortenelem_05.jpg?resize=13%2C24&amp;ssl=1 13w, https:\/\/i0.wp.com\/diakszemmel.hu\/wp-tartalom\/uploads\/2018\/09\/tortenelem_05.jpg?resize=20%2C36&amp;ssl=1 20w, https:\/\/i0.wp.com\/diakszemmel.hu\/wp-tartalom\/uploads\/2018\/09\/tortenelem_05.jpg?resize=26%2C48&amp;ssl=1 26w\" sizes=\"auto, (max-width: 640px) 100vw, 640px\" \/><\/p>\n<p>Amikor a Nintendot alap\u00edtott\u00e1k, Hasfelmetsz\u0151 Jack m\u00e9g szabadon rohang\u00e1lt. A jap\u00e1n videoj\u00e1t\u00e9k gy\u00e1rt\u00f3t, akinek a Mario vagy \u00e9ppen a Pokemon karakterek f\u0171z\u0151dnek a nev\u00e9hez, m\u00e9g j\u00f3val a videoj\u00e1t\u00e9kok megjelen\u00e9se el\u0151tt, 1889-ben alap\u00edtott\u00e1k. Ekkoriban m\u00e9g k\u00e1rtyaj\u00e1t\u00e9kokat, hanafuda-kat k\u00e9sz\u00edtettek. Ugyanebben az id\u0151ben Hasfelmetsz\u0151 Jack Londonban gy\u0171jt\u00f6tte az \u00e1ldozatait. A rejt\u00e9lyes sorozatgyilkos szem\u00e9lyazonoss\u00e1g\u00e1t soha nem der\u00edtett\u00e9k ki.<\/p>\n<p><img data-recalc-dims=\"1\" loading=\"lazy\" decoding=\"async\" class=\"alignnone size-full wp-image-2341\" src=\"https:\/\/i0.wp.com\/diakszemmel.hu\/wp-tartalom\/uploads\/2018\/09\/tortenelem_06.jpg?resize=640%2C741&#038;ssl=1\" alt=\"\" width=\"640\" height=\"741\" srcset=\"https:\/\/i0.wp.com\/diakszemmel.hu\/wp-tartalom\/uploads\/2018\/09\/tortenelem_06.jpg?w=700&amp;ssl=1 700w, https:\/\/i0.wp.com\/diakszemmel.hu\/wp-tartalom\/uploads\/2018\/09\/tortenelem_06.jpg?resize=259%2C300&amp;ssl=1 259w, https:\/\/i0.wp.com\/diakszemmel.hu\/wp-tartalom\/uploads\/2018\/09\/tortenelem_06.jpg?resize=95%2C110&amp;ssl=1 95w, https:\/\/i0.wp.com\/diakszemmel.hu\/wp-tartalom\/uploads\/2018\/09\/tortenelem_06.jpg?resize=363%2C420&amp;ssl=1 363w, https:\/\/i0.wp.com\/diakszemmel.hu\/wp-tartalom\/uploads\/2018\/09\/tortenelem_06.jpg?resize=372%2C430&amp;ssl=1 372w, https:\/\/i0.wp.com\/diakszemmel.hu\/wp-tartalom\/uploads\/2018\/09\/tortenelem_06.jpg?resize=21%2C24&amp;ssl=1 21w, https:\/\/i0.wp.com\/diakszemmel.hu\/wp-tartalom\/uploads\/2018\/09\/tortenelem_06.jpg?resize=31%2C36&amp;ssl=1 31w, https:\/\/i0.wp.com\/diakszemmel.hu\/wp-tartalom\/uploads\/2018\/09\/tortenelem_06.jpg?resize=41%2C48&amp;ssl=1 41w\" sizes=\"auto, (max-width: 640px) 100vw, 640px\" \/><\/p>\n<p>A Star Warst akkor mutatt\u00e1k be, amikor az utols\u00f3 guillotine-os kiv\u00e9gz\u00e9st tartott\u00e1k Franciaorsz\u00e1gban, 1977-ben. Mik\u00f6zben mozikba ker\u00fclt ez a film, ami teljesen alapvet\u00e9se a mai kult\u00far\u00e1nknak, Franciaorsz\u00e1gban m\u00e9g m\u0171k\u00f6d\u00f6tt az, amit teljesen a k\u00f6z\u00e9pkorral azonos\u00edtunk: guillotine-nal fejeztek le egy Hamida &#8222;Pimp Killer&#8221; Djandoubi nev\u0171 f\u00e9rfit egy fiatal n\u0151 megk\u00ednz\u00e1s\u00e1\u00e9rt \u00e9s meggyilkol\u00e1s\u00e1\u00e9rt. Ez volt az utols\u00f3 alkalom Franciaorsz\u00e1gban, hogy guillotine-t haszn\u00e1ltak.<\/p>\n<p><img data-recalc-dims=\"1\" loading=\"lazy\" decoding=\"async\" class=\"alignnone size-full wp-image-2342\" src=\"https:\/\/i0.wp.com\/diakszemmel.hu\/wp-tartalom\/uploads\/2018\/09\/tortenelem_07.jpg?resize=640%2C941&#038;ssl=1\" alt=\"\" width=\"640\" height=\"941\" srcset=\"https:\/\/i0.wp.com\/diakszemmel.hu\/wp-tartalom\/uploads\/2018\/09\/tortenelem_07.jpg?w=700&amp;ssl=1 700w, https:\/\/i0.wp.com\/diakszemmel.hu\/wp-tartalom\/uploads\/2018\/09\/tortenelem_07.jpg?resize=204%2C300&amp;ssl=1 204w, https:\/\/i0.wp.com\/diakszemmel.hu\/wp-tartalom\/uploads\/2018\/09\/tortenelem_07.jpg?resize=697%2C1024&amp;ssl=1 697w, https:\/\/i0.wp.com\/diakszemmel.hu\/wp-tartalom\/uploads\/2018\/09\/tortenelem_07.jpg?resize=75%2C110&amp;ssl=1 75w, https:\/\/i0.wp.com\/diakszemmel.hu\/wp-tartalom\/uploads\/2018\/09\/tortenelem_07.jpg?resize=286%2C420&amp;ssl=1 286w, https:\/\/i0.wp.com\/diakszemmel.hu\/wp-tartalom\/uploads\/2018\/09\/tortenelem_07.jpg?resize=293%2C430&amp;ssl=1 293w, https:\/\/i0.wp.com\/diakszemmel.hu\/wp-tartalom\/uploads\/2018\/09\/tortenelem_07.jpg?resize=16%2C24&amp;ssl=1 16w, https:\/\/i0.wp.com\/diakszemmel.hu\/wp-tartalom\/uploads\/2018\/09\/tortenelem_07.jpg?resize=24%2C36&amp;ssl=1 24w, https:\/\/i0.wp.com\/diakszemmel.hu\/wp-tartalom\/uploads\/2018\/09\/tortenelem_07.jpg?resize=33%2C48&amp;ssl=1 33w\" sizes=\"auto, (max-width: 640px) 100vw, 640px\" \/><\/p>\n<p>Van k\u00e9t f\u00e9rfi, akiknek a nagyapja, John Tyler, az USA tizedik eln\u00f6ke, 1790-ben sz\u00fcletett. Hogy hogyan lehets\u00e9ges ez? John Tyler 63 \u00e9ves volt, amikor fia, Lyon 1853-ban megsz\u00fcletett. Lyon 71 volt, mikor az \u0151 fia, Lyon Jr. 1924-ben, majd 75 \u00e9ves kor\u00e1ban, 1928-ban, m\u00e1sik fia, Harrison megsz\u00fcletett. El\u0151bbi 94, ut\u00f3bbi 90 \u00e9ves.<\/p>\n<p><img data-recalc-dims=\"1\" loading=\"lazy\" decoding=\"async\" class=\"alignnone size-full wp-image-2343\" src=\"https:\/\/i0.wp.com\/diakszemmel.hu\/wp-tartalom\/uploads\/2018\/09\/tortenelem_08.jpg?resize=640%2C901&#038;ssl=1\" alt=\"\" width=\"640\" height=\"901\" srcset=\"https:\/\/i0.wp.com\/diakszemmel.hu\/wp-tartalom\/uploads\/2018\/09\/tortenelem_08.jpg?w=696&amp;ssl=1 696w, https:\/\/i0.wp.com\/diakszemmel.hu\/wp-tartalom\/uploads\/2018\/09\/tortenelem_08.jpg?resize=213%2C300&amp;ssl=1 213w, https:\/\/i0.wp.com\/diakszemmel.hu\/wp-tartalom\/uploads\/2018\/09\/tortenelem_08.jpg?resize=78%2C110&amp;ssl=1 78w, https:\/\/i0.wp.com\/diakszemmel.hu\/wp-tartalom\/uploads\/2018\/09\/tortenelem_08.jpg?resize=298%2C420&amp;ssl=1 298w, https:\/\/i0.wp.com\/diakszemmel.hu\/wp-tartalom\/uploads\/2018\/09\/tortenelem_08.jpg?resize=305%2C430&amp;ssl=1 305w, https:\/\/i0.wp.com\/diakszemmel.hu\/wp-tartalom\/uploads\/2018\/09\/tortenelem_08.jpg?resize=17%2C24&amp;ssl=1 17w, https:\/\/i0.wp.com\/diakszemmel.hu\/wp-tartalom\/uploads\/2018\/09\/tortenelem_08.jpg?resize=26%2C36&amp;ssl=1 26w, https:\/\/i0.wp.com\/diakszemmel.hu\/wp-tartalom\/uploads\/2018\/09\/tortenelem_08.jpg?resize=34%2C48&amp;ssl=1 34w\" sizes=\"auto, (max-width: 640px) 100vw, 640px\" \/><\/p>\n<p>Forr\u00e1s: <a href=\"https:\/\/www.boredpanda.com\/interesting-history-facts-events-happened-same-time\/\" target=\"_blank\" rel=\"noopener\">BoredPanda<\/a><\/p>\n\n<!-- Facebook Like Button v1.9.6 BEGIN [http:\/\/blog.bottomlessinc.com] -->\n<iframe src=\"http:\/\/www.facebook.com\/plugins\/like.php?href=https%3A%2F%2Fdiakszemmel.hu%2Findex.php%2F2018%2F09%2Ferdekes-tortenelmi-tenyek-amik-osszezavarjak-az-idoerzekelesed%2F&amp;layout=standard&amp;show_faces=false&amp;width=450&amp;action=like&amp;colorscheme=light\" scrolling=\"no\" frameborder=\"0\" allowTransparency=\"true\" style=\"border:none; overflow:hidden; width:450px; height: 30px; align: left; margin: 2px 0px 2px 0px\"><\/iframe>\n<!-- Facebook Like Button END -->\n","protected":false},"excerpt":{"rendered":"<p>A fontosabb t\u00f6rt\u00e9nelmi esem\u00e9nyekr\u0151l \u00e9s korszakokr\u00f3l van egy hozz\u00e1vet\u0151leges kronol\u00f3gia a fej\u00fcnkben, de abba ritk\u00e1n szoktunk belegondolni, hogy mi mivel t\u00f6rt\u00e9nt egyszerre. Mutatunk n\u00e9h\u00e1ny p\u00e9ld\u00e1t, \u00e9s szinte biztosra vessz\u00fck, hogy te is meg fogsz lep\u0151dni!<\/p>\n","protected":false},"author":2,"featured_media":2339,"comment_status":"closed","ping_status":"open","sticky":false,"template":"","format":"standard","meta":{"_jetpack_memberships_contains_paid_content":false,"footnotes":""},"categories":[29],"tags":[],"class_list":["post-2335","post","type-post","status-publish","format-standard","has-post-thumbnail","hentry","category-nagyvilag"],"jetpack_featured_media_url":"https:\/\/i0.wp.com\/diakszemmel.hu\/wp-tartalom\/uploads\/2018\/09\/tortenelem_04.jpg?fit=700%2C970&ssl=1","jetpack_shortlink":"https:\/\/wp.me\/p7SAqx-BF","jetpack_sharing_enabled":true,"_links":{"self":[{"href":"https:\/\/diakszemmel.hu\/index.php\/wp-json\/wp\/v2\/posts\/2335","targetHints":{"allow":["GET"]}}],"collection":[{"href":"https:\/\/diakszemmel.hu\/index.php\/wp-json\/wp\/v2\/posts"}],"about":[{"href":"https:\/\/diakszemmel.hu\/index.php\/wp-json\/wp\/v2\/types\/post"}],"author":[{"embeddable":true,"href":"https:\/\/diakszemmel.hu\/index.php\/wp-json\/wp\/v2\/users\/2"}],"replies":[{"embeddable":true,"href":"https:\/\/diakszemmel.hu\/index.php\/wp-json\/wp\/v2\/comments?post=2335"}],"version-history":[{"count":0,"href":"https:\/\/diakszemmel.hu\/index.php\/wp-json\/wp\/v2\/posts\/2335\/revisions"}],"wp:featuredmedia":[{"embeddable":true,"href":"https:\/\/diakszemmel.hu\/index.php\/wp-json\/wp\/v2\/media\/2339"}],"wp:attachment":[{"href":"https:\/\/diakszemmel.hu\/index.php\/wp-json\/wp\/v2\/media?parent=2335"}],"wp:term":[{"taxonomy":"category","embeddable":true,"href":"https:\/\/diakszemmel.hu\/index.php\/wp-json\/wp\/v2\/categories?post=2335"},{"taxonomy":"post_tag","embeddable":true,"href":"https:\/\/diakszemmel.hu\/index.php\/wp-json\/wp\/v2\/tags?post=2335"}],"curies":[{"name":"wp","href":"https:\/\/api.w.org\/{rel}","templated":true}]}}