{"id":3365,"date":"2019-06-06T10:44:46","date_gmt":"2019-06-06T08:44:46","guid":{"rendered":"https:\/\/diakszemmel.hu\/?p=3365"},"modified":"2019-06-06T10:44:46","modified_gmt":"2019-06-06T08:44:46","slug":"ez-a-nagymama-52-vizpartot-takaritott-ki-egy-ev-alatt-miutan-latott-egy-doksit-a-muanyag-szennyezettsegrol","status":"publish","type":"post","link":"https:\/\/diakszemmel.hu\/index.php\/2019\/06\/ez-a-nagymama-52-vizpartot-takaritott-ki-egy-ev-alatt-miutan-latott-egy-doksit-a-muanyag-szennyezettsegrol\/","title":{"rendered":"Ez a nagymama 52 v\u00edzpartot takar\u00edtott ki egy \u00e9v alatt, miut\u00e1n l\u00e1tott egy doksit a m\u0171anyag-szennyezetts\u00e9gr\u0151l"},"content":{"rendered":"\n<!-- Facebook Like Button v1.9.6 BEGIN [http:\/\/blog.bottomlessinc.com] -->\n<iframe src=\"http:\/\/www.facebook.com\/plugins\/like.php?href=https%3A%2F%2Fdiakszemmel.hu%2Findex.php%2F2019%2F06%2Fez-a-nagymama-52-vizpartot-takaritott-ki-egy-ev-alatt-miutan-latott-egy-doksit-a-muanyag-szennyezettsegrol%2F&amp;layout=standard&amp;show_faces=false&amp;width=450&amp;action=like&amp;colorscheme=light\" scrolling=\"no\" frameborder=\"0\" allowTransparency=\"true\" style=\"border:none; overflow:hidden; width:450px; height: 30px; align: left; margin: 2px 0px 2px 0px\"><\/iframe>\n<!-- Facebook Like Button END -->\n<p><strong>Egy 70 \u00e9ves nagymama, miut\u00e1n l\u00e1tott egy dokumentumfilmet a m\u0171anyag szennyezetts\u00e9gr\u0151l, \u00fagy d\u00f6nt\u00f6tt, 2018-ban megteszi, ami t\u0151le telik: 52 tengerpartot tiszt\u00edtott meg egyed\u00fcl, vagy az unok\u00e1ival Nagy-Britannia d\u00e9li partj\u00e1n. \u00c9s meg is val\u00f3s\u00edtotta. Mik\u00f6zben a leg\u00fajabb kutat\u00e1sok m\u00e1r arr\u00f3l sz\u00f3lnak, hogy 2050-re megsz\u0171nik az emberi civiliz\u00e1ci\u00f3, m\u00e9g mindig extr\u00e9m kev\u00e9s az ilyen egyedi akci\u00f3, nem?<\/strong><!--more--><\/p>\n<figure id=\"attachment_3366\" aria-describedby=\"caption-attachment-3366\" style=\"width: 700px\" class=\"wp-caption alignnone\"><img data-recalc-dims=\"1\" loading=\"lazy\" decoding=\"async\" class=\"size-full wp-image-3366\" src=\"https:\/\/i0.wp.com\/diakszemmel.hu\/wp-tartalom\/uploads\/2019\/06\/takaritas_01.jpg?resize=640%2C853&#038;ssl=1\" alt=\"\" width=\"640\" height=\"853\" srcset=\"https:\/\/i0.wp.com\/diakszemmel.hu\/wp-tartalom\/uploads\/2019\/06\/takaritas_01.jpg?w=700&amp;ssl=1 700w, https:\/\/i0.wp.com\/diakszemmel.hu\/wp-tartalom\/uploads\/2019\/06\/takaritas_01.jpg?resize=225%2C300&amp;ssl=1 225w, https:\/\/i0.wp.com\/diakszemmel.hu\/wp-tartalom\/uploads\/2019\/06\/takaritas_01.jpg?resize=83%2C110&amp;ssl=1 83w, https:\/\/i0.wp.com\/diakszemmel.hu\/wp-tartalom\/uploads\/2019\/06\/takaritas_01.jpg?resize=315%2C420&amp;ssl=1 315w, https:\/\/i0.wp.com\/diakszemmel.hu\/wp-tartalom\/uploads\/2019\/06\/takaritas_01.jpg?resize=323%2C430&amp;ssl=1 323w, https:\/\/i0.wp.com\/diakszemmel.hu\/wp-tartalom\/uploads\/2019\/06\/takaritas_01.jpg?resize=18%2C24&amp;ssl=1 18w, https:\/\/i0.wp.com\/diakszemmel.hu\/wp-tartalom\/uploads\/2019\/06\/takaritas_01.jpg?resize=27%2C36&amp;ssl=1 27w, https:\/\/i0.wp.com\/diakszemmel.hu\/wp-tartalom\/uploads\/2019\/06\/takaritas_01.jpg?resize=36%2C48&amp;ssl=1 36w\" sizes=\"auto, (max-width: 640px) 100vw, 640px\" \/><figcaption id=\"caption-attachment-3366\" class=\"wp-caption-text\">Forr\u00e1s: <a href=\"https:\/\/swns.com\/\" target=\"_blank\" rel=\"noopener\">SWNS<\/a><\/figcaption><\/figure>\n<p>Mert persze k\u00f6nny\u0171 azt mondani, hogy a multik az igazi gonoszak, csakhogy ez nem ad teljes felment\u00e9st: egy darab multira jut\u00f3 k\u00f6rnyezetszennyez\u00e9s nyilv\u00e1n ar\u00e1nyaiban \u00f6ssze nem hasonl\u00edthat\u00f3 azzal, amit egy ember okoz, de \u00f6sszess\u00e9g\u00e9ben val\u00f3sz\u00edn\u0171leg t\u00f6bb k\u00e1rokoz\u00e1s t\u00f6rt\u00e9nik egy\u00e9ni szinten, mint ami\u00e9rt a multik felel\u0151sek. Magyar\u00e1n: ha mindannyian odafigyeln\u00e9nk arra, hogy \u00f3vjuk a k\u00f6rnyezet\u00fcnket, elk\u00e9peszt\u0151 v\u00e1ltoz\u00e1sokat \u00e9rhetn\u00e9nk el.<\/p>\n<p>N\u00e9zz\u00fck csak, mit csin\u00e1lt ez a n\u00e9ni. Amikor l\u00e1tunk egy szemetes tengerpartot, azt mondjuk: mi\u00e9rt nem kezd ezzel valaki valamit? \u0150 pedig \u00fagy d\u00f6nt\u00f6tt, valaki lesz. Fogta mag\u00e1t, \u00e9s elkezdte \u00f6sszegy\u0171jteni m\u00e1sok szemet\u00e9t: mindazt, amit ott hagytak, vagy amit kisodort a v\u00edz.<\/p>\n<figure id=\"attachment_3367\" aria-describedby=\"caption-attachment-3367\" style=\"width: 700px\" class=\"wp-caption alignnone\"><img data-recalc-dims=\"1\" loading=\"lazy\" decoding=\"async\" class=\"size-full wp-image-3367\" src=\"https:\/\/i0.wp.com\/diakszemmel.hu\/wp-tartalom\/uploads\/2019\/06\/takaritas_02.jpg?resize=640%2C480&#038;ssl=1\" alt=\"\" width=\"640\" height=\"480\" srcset=\"https:\/\/i0.wp.com\/diakszemmel.hu\/wp-tartalom\/uploads\/2019\/06\/takaritas_02.jpg?w=700&amp;ssl=1 700w, https:\/\/i0.wp.com\/diakszemmel.hu\/wp-tartalom\/uploads\/2019\/06\/takaritas_02.jpg?resize=300%2C225&amp;ssl=1 300w, https:\/\/i0.wp.com\/diakszemmel.hu\/wp-tartalom\/uploads\/2019\/06\/takaritas_02.jpg?resize=110%2C83&amp;ssl=1 110w, https:\/\/i0.wp.com\/diakszemmel.hu\/wp-tartalom\/uploads\/2019\/06\/takaritas_02.jpg?resize=420%2C315&amp;ssl=1 420w, https:\/\/i0.wp.com\/diakszemmel.hu\/wp-tartalom\/uploads\/2019\/06\/takaritas_02.jpg?resize=573%2C430&amp;ssl=1 573w, https:\/\/i0.wp.com\/diakszemmel.hu\/wp-tartalom\/uploads\/2019\/06\/takaritas_02.jpg?resize=24%2C18&amp;ssl=1 24w, https:\/\/i0.wp.com\/diakszemmel.hu\/wp-tartalom\/uploads\/2019\/06\/takaritas_02.jpg?resize=36%2C27&amp;ssl=1 36w, https:\/\/i0.wp.com\/diakszemmel.hu\/wp-tartalom\/uploads\/2019\/06\/takaritas_02.jpg?resize=48%2C36&amp;ssl=1 48w\" sizes=\"auto, (max-width: 640px) 100vw, 640px\" \/><figcaption id=\"caption-attachment-3367\" class=\"wp-caption-text\">Forr\u00e1s: <a href=\"https:\/\/swns.com\/\" target=\"_blank\" rel=\"noopener\">SWNS<\/a><\/figcaption><\/figure>\n<p>A part tiszt\u00edt\u00f3s projektjei mellett v\u00e1ros\u00e1ban, Cornwallban l\u00e9trehozta Final Straw n\u00e9ven azt a kezdem\u00e9nyez\u00e9st, amiben min\u00e9l t\u00f6bb helyi v\u00e1llalatot pr\u00f3b\u00e1l r\u00e1venni, cs\u00f6kkents\u00e9k a felesleges m\u0171anyag-haszn\u00e1latot. L\u00e1tja, milyen k\u00e1rokat okozunk az \u00f3ce\u00e1nnak \u00e9s a teljes \u00f6ko-sziszt\u00e9m\u00e1nak, \u00e9s az unok\u00e1i \u00e9rdek\u00e9ben szeretne ennek g\u00e1tat vetni, am\u00edg m\u00e9g lehet.<\/p>\n<figure id=\"attachment_3368\" aria-describedby=\"caption-attachment-3368\" style=\"width: 700px\" class=\"wp-caption alignnone\"><img data-recalc-dims=\"1\" loading=\"lazy\" decoding=\"async\" class=\"size-full wp-image-3368\" src=\"https:\/\/i0.wp.com\/diakszemmel.hu\/wp-tartalom\/uploads\/2019\/06\/takaritas_03.jpg?resize=640%2C480&#038;ssl=1\" alt=\"\" width=\"640\" height=\"480\" srcset=\"https:\/\/i0.wp.com\/diakszemmel.hu\/wp-tartalom\/uploads\/2019\/06\/takaritas_03.jpg?w=700&amp;ssl=1 700w, https:\/\/i0.wp.com\/diakszemmel.hu\/wp-tartalom\/uploads\/2019\/06\/takaritas_03.jpg?resize=300%2C225&amp;ssl=1 300w, https:\/\/i0.wp.com\/diakszemmel.hu\/wp-tartalom\/uploads\/2019\/06\/takaritas_03.jpg?resize=110%2C83&amp;ssl=1 110w, https:\/\/i0.wp.com\/diakszemmel.hu\/wp-tartalom\/uploads\/2019\/06\/takaritas_03.jpg?resize=420%2C315&amp;ssl=1 420w, https:\/\/i0.wp.com\/diakszemmel.hu\/wp-tartalom\/uploads\/2019\/06\/takaritas_03.jpg?resize=573%2C430&amp;ssl=1 573w, https:\/\/i0.wp.com\/diakszemmel.hu\/wp-tartalom\/uploads\/2019\/06\/takaritas_03.jpg?resize=24%2C18&amp;ssl=1 24w, https:\/\/i0.wp.com\/diakszemmel.hu\/wp-tartalom\/uploads\/2019\/06\/takaritas_03.jpg?resize=36%2C27&amp;ssl=1 36w, https:\/\/i0.wp.com\/diakszemmel.hu\/wp-tartalom\/uploads\/2019\/06\/takaritas_03.jpg?resize=48%2C36&amp;ssl=1 48w\" sizes=\"auto, (max-width: 640px) 100vw, 640px\" \/><figcaption id=\"caption-attachment-3368\" class=\"wp-caption-text\">Forr\u00e1s: <a href=\"https:\/\/swns.com\/\" target=\"_blank\" rel=\"noopener\">SWNS<\/a><\/figcaption><\/figure>\n<p>Mint mondja, mik\u00f6zben csin\u00e1lta, sokan azt gondolt\u00e1k, k\u00f6zmunk\u00e1s. Nem igaz\u00e1n \u00e9rtett\u00e9k meg a koncepci\u00f3t, hogy \u0151 ezt \u00f6nk\u00e9nt csin\u00e1lja, m\u00e9ghozz\u00e1 mindannyiunk \u00e9rdek\u00e9ben.<\/p>\n<figure id=\"attachment_3369\" aria-describedby=\"caption-attachment-3369\" style=\"width: 700px\" class=\"wp-caption alignnone\"><img data-recalc-dims=\"1\" loading=\"lazy\" decoding=\"async\" class=\"size-full wp-image-3369\" src=\"https:\/\/i0.wp.com\/diakszemmel.hu\/wp-tartalom\/uploads\/2019\/06\/takaritas_04.jpg?resize=640%2C480&#038;ssl=1\" alt=\"\" width=\"640\" height=\"480\" srcset=\"https:\/\/i0.wp.com\/diakszemmel.hu\/wp-tartalom\/uploads\/2019\/06\/takaritas_04.jpg?w=700&amp;ssl=1 700w, https:\/\/i0.wp.com\/diakszemmel.hu\/wp-tartalom\/uploads\/2019\/06\/takaritas_04.jpg?resize=300%2C225&amp;ssl=1 300w, https:\/\/i0.wp.com\/diakszemmel.hu\/wp-tartalom\/uploads\/2019\/06\/takaritas_04.jpg?resize=110%2C83&amp;ssl=1 110w, https:\/\/i0.wp.com\/diakszemmel.hu\/wp-tartalom\/uploads\/2019\/06\/takaritas_04.jpg?resize=420%2C315&amp;ssl=1 420w, https:\/\/i0.wp.com\/diakszemmel.hu\/wp-tartalom\/uploads\/2019\/06\/takaritas_04.jpg?resize=573%2C430&amp;ssl=1 573w, https:\/\/i0.wp.com\/diakszemmel.hu\/wp-tartalom\/uploads\/2019\/06\/takaritas_04.jpg?resize=24%2C18&amp;ssl=1 24w, https:\/\/i0.wp.com\/diakszemmel.hu\/wp-tartalom\/uploads\/2019\/06\/takaritas_04.jpg?resize=36%2C27&amp;ssl=1 36w, https:\/\/i0.wp.com\/diakszemmel.hu\/wp-tartalom\/uploads\/2019\/06\/takaritas_04.jpg?resize=48%2C36&amp;ssl=1 48w\" sizes=\"auto, (max-width: 640px) 100vw, 640px\" \/><figcaption id=\"caption-attachment-3369\" class=\"wp-caption-text\">Forr\u00e1s: <a href=\"https:\/\/www.facebook.com\/FinalStrawCornwall\/\" target=\"_blank\" rel=\"noopener\">Final Straw Cornwall<\/a><\/figcaption><\/figure>\n<p>Miut\u00e1n Nagy-Britannia bejelentette, hogy be fogja tiltani a m\u0171anyag sz\u00edv\u00f3sz\u00e1lakat, szeretn\u00e9 felh\u00edvni a figyelmet az egy\u00e9b teljesen felesleges, egyszer haszn\u00e1latos m\u0171anyagokra: a m\u0171anyag poharakra, azokra a zacsk\u00f3kra, amikben egyszer hazavisz\u00fcnk egy dolgot a boltb\u00f3l, azt\u00e1n pedig kidobjuk. Ehhez helyi szupermarketekben szeretne esem\u00e9nyeket szervezni.<\/p>\n<p>Az\u00e9rt szerencs\u00e9re k\u00f6vet\u0151i is vannak. Amikor h\u00edre ment a tev\u00e9kenys\u00e9g\u00e9nek, nagyon sokan csatlakoztak hozz\u00e1, \u00e9s kitakar\u00edtottak egy-egy k\u00f6zteret, partot a saj\u00e1t k\u00f6rny\u00e9k\u00fck\u00f6n. Gyerekek is egyre t\u00f6bb akci\u00f3t szerveztek, amelynek sor\u00e1n szemetet szedtek. \u00c9s te mit tudn\u00e1l kitakar\u00edtani a k\u00f6rny\u00e9keden? Megszervezed?<\/p>\n<p>Forr\u00e1s: <a href=\"https:\/\/www.boredpanda.com\/grandma-cleans-52-beaches-in-one-year\/\" target=\"_blank\" rel=\"noopener\">BoredPanda<\/a><\/p>\n\n<!-- Facebook Like Button v1.9.6 BEGIN [http:\/\/blog.bottomlessinc.com] -->\n<iframe src=\"http:\/\/www.facebook.com\/plugins\/like.php?href=https%3A%2F%2Fdiakszemmel.hu%2Findex.php%2F2019%2F06%2Fez-a-nagymama-52-vizpartot-takaritott-ki-egy-ev-alatt-miutan-latott-egy-doksit-a-muanyag-szennyezettsegrol%2F&amp;layout=standard&amp;show_faces=false&amp;width=450&amp;action=like&amp;colorscheme=light\" scrolling=\"no\" frameborder=\"0\" allowTransparency=\"true\" style=\"border:none; overflow:hidden; width:450px; height: 30px; align: left; margin: 2px 0px 2px 0px\"><\/iframe>\n<!-- Facebook Like Button END -->\n","protected":false},"excerpt":{"rendered":"<p>Egy 70 \u00e9ves nagymama, miut\u00e1n l\u00e1tott egy dokumentumfilmet a m\u0171anyag szennyezetts\u00e9gr\u0151l, \u00fagy d\u00f6nt\u00f6tt, 2018-ban megteszi, ami t\u0151le telik: 52 tengerpartot tiszt\u00edtott meg egyed\u00fcl, vagy az unok\u00e1ival Nagy-Britannia d\u00e9li partj\u00e1n. \u00c9s meg is val\u00f3s\u00edtotta. Mik\u00f6zben a leg\u00fajabb kutat\u00e1sok m\u00e1r arr\u00f3l sz\u00f3lnak, hogy 2050-re megsz\u0171nik az emberi civiliz\u00e1ci\u00f3, m\u00e9g mindig extr\u00e9m kev\u00e9s az ilyen egyedi akci\u00f3, nem?<\/p>\n","protected":false},"author":2,"featured_media":3366,"comment_status":"closed","ping_status":"open","sticky":false,"template":"","format":"standard","meta":{"_jetpack_memberships_contains_paid_content":false,"footnotes":""},"categories":[29],"tags":[791],"class_list":["post-3365","post","type-post","status-publish","format-standard","has-post-thumbnail","hentry","category-nagyvilag","tag-kornyezettudatossag"],"jetpack_featured_media_url":"https:\/\/i0.wp.com\/diakszemmel.hu\/wp-tartalom\/uploads\/2019\/06\/takaritas_01.jpg?fit=700%2C933&ssl=1","jetpack_shortlink":"https:\/\/wp.me\/p7SAqx-Sh","jetpack_sharing_enabled":true,"_links":{"self":[{"href":"https:\/\/diakszemmel.hu\/index.php\/wp-json\/wp\/v2\/posts\/3365","targetHints":{"allow":["GET"]}}],"collection":[{"href":"https:\/\/diakszemmel.hu\/index.php\/wp-json\/wp\/v2\/posts"}],"about":[{"href":"https:\/\/diakszemmel.hu\/index.php\/wp-json\/wp\/v2\/types\/post"}],"author":[{"embeddable":true,"href":"https:\/\/diakszemmel.hu\/index.php\/wp-json\/wp\/v2\/users\/2"}],"replies":[{"embeddable":true,"href":"https:\/\/diakszemmel.hu\/index.php\/wp-json\/wp\/v2\/comments?post=3365"}],"version-history":[{"count":0,"href":"https:\/\/diakszemmel.hu\/index.php\/wp-json\/wp\/v2\/posts\/3365\/revisions"}],"wp:featuredmedia":[{"embeddable":true,"href":"https:\/\/diakszemmel.hu\/index.php\/wp-json\/wp\/v2\/media\/3366"}],"wp:attachment":[{"href":"https:\/\/diakszemmel.hu\/index.php\/wp-json\/wp\/v2\/media?parent=3365"}],"wp:term":[{"taxonomy":"category","embeddable":true,"href":"https:\/\/diakszemmel.hu\/index.php\/wp-json\/wp\/v2\/categories?post=3365"},{"taxonomy":"post_tag","embeddable":true,"href":"https:\/\/diakszemmel.hu\/index.php\/wp-json\/wp\/v2\/tags?post=3365"}],"curies":[{"name":"wp","href":"https:\/\/api.w.org\/{rel}","templated":true}]}}