{"id":3917,"date":"2020-01-07T10:16:26","date_gmt":"2020-01-07T09:16:26","guid":{"rendered":"https:\/\/diakszemmel.hu\/?p=3917"},"modified":"2020-01-07T10:16:26","modified_gmt":"2020-01-07T09:16:26","slug":"igy-lass-hozza-a-kifejtos-a-kerdeshez","status":"publish","type":"post","link":"https:\/\/diakszemmel.hu\/index.php\/2020\/01\/igy-lass-hozza-a-kifejtos-a-kerdeshez\/","title":{"rendered":"\u00cdgy l\u00e1ss hozz\u00e1 a kifejt\u0151s a k\u00e9rd\u00e9shez"},"content":{"rendered":"\n<!-- Facebook Like Button v1.9.6 BEGIN [http:\/\/blog.bottomlessinc.com] -->\n<iframe src=\"http:\/\/www.facebook.com\/plugins\/like.php?href=https%3A%2F%2Fdiakszemmel.hu%2Findex.php%2F2020%2F01%2Figy-lass-hozza-a-kifejtos-a-kerdeshez%2F&amp;layout=standard&amp;show_faces=false&amp;width=450&amp;action=like&amp;colorscheme=light\" scrolling=\"no\" frameborder=\"0\" allowTransparency=\"true\" style=\"border:none; overflow:hidden; width:450px; height: 30px; align: left; margin: 2px 0px 2px 0px\"><\/iframe>\n<!-- Facebook Like Button END -->\n<p><strong>Egy vizsg\u00e1n tal\u00e1n a kifejt\u0151s k\u00e9rd\u00e9sben van a legink\u00e1bb lehet\u0151s\u00e9geid elrejteni a hi\u00e1nyoss\u00e1gaid, eleg\u00e1nsan \u00e1tugrani, ami nem jut az eszedbe, ugyanakkor, ha nem tudod j\u00f3l fel\u00e9p\u00edteni, enn\u00e9l fordulhat el\u0151 a legk\u00f6nnyebben az is, hogy hi\u00e1ba tudod a v\u00e1laszt, a sz\u00f6vegedb\u0151l nem j\u00f6n \u00e1t, mennyire k\u00e9pben vagy. Hogyan \u00e9rdemes teh\u00e1t nekil\u00e1tni az essz\u00e9k\u00e9rd\u00e9snek?<\/strong><!--more--><\/p>\n<h3><img data-recalc-dims=\"1\" loading=\"lazy\" decoding=\"async\" class=\"size-full wp-image-3918 aligncenter\" src=\"https:\/\/i0.wp.com\/diakszemmel.hu\/wp-tartalom\/uploads\/2020\/01\/kifejtos_kerdes.jpg?resize=640%2C486&#038;ssl=1\" alt=\"\" width=\"640\" height=\"486\" srcset=\"https:\/\/i0.wp.com\/diakszemmel.hu\/wp-tartalom\/uploads\/2020\/01\/kifejtos_kerdes.jpg?w=800&amp;ssl=1 800w, https:\/\/i0.wp.com\/diakszemmel.hu\/wp-tartalom\/uploads\/2020\/01\/kifejtos_kerdes.jpg?resize=300%2C228&amp;ssl=1 300w, https:\/\/i0.wp.com\/diakszemmel.hu\/wp-tartalom\/uploads\/2020\/01\/kifejtos_kerdes.jpg?resize=768%2C583&amp;ssl=1 768w, https:\/\/i0.wp.com\/diakszemmel.hu\/wp-tartalom\/uploads\/2020\/01\/kifejtos_kerdes.jpg?resize=110%2C83&amp;ssl=1 110w, https:\/\/i0.wp.com\/diakszemmel.hu\/wp-tartalom\/uploads\/2020\/01\/kifejtos_kerdes.jpg?resize=420%2C319&amp;ssl=1 420w, https:\/\/i0.wp.com\/diakszemmel.hu\/wp-tartalom\/uploads\/2020\/01\/kifejtos_kerdes.jpg?resize=567%2C430&amp;ssl=1 567w, https:\/\/i0.wp.com\/diakszemmel.hu\/wp-tartalom\/uploads\/2020\/01\/kifejtos_kerdes.jpg?resize=24%2C18&amp;ssl=1 24w, https:\/\/i0.wp.com\/diakszemmel.hu\/wp-tartalom\/uploads\/2020\/01\/kifejtos_kerdes.jpg?resize=36%2C27&amp;ssl=1 36w, https:\/\/i0.wp.com\/diakszemmel.hu\/wp-tartalom\/uploads\/2020\/01\/kifejtos_kerdes.jpg?resize=48%2C36&amp;ssl=1 48w\" sizes=\"auto, (max-width: 640px) 100vw, 640px\" \/><\/h3>\n<h3>1. K\u00e9sz\u00edts egy tervet, miel\u0151tt hozz\u00e1kezdesz<\/h3>\n<p>A kifejt\u0151s k\u00e9rd\u00e9s l\u00e9nyege, hogy kider\u00fclj\u00f6n bel\u0151le a tan\u00e1r sz\u00e1m\u00e1ra: meg\u00e9rtetted, \u00e1t is l\u00e1tod, \u00e9s saj\u00e1t szavaiddal \u00f6ssze is tudod foglalni a tananyag adott r\u00e9szlet\u00e9t. Ez\u00e9rt fontos, hogy a v\u00e1laszod &#8211; legyen f\u00e9l oldalas, vagy oldalas a kifejt\u0151s r\u00e9sz &#8211; logikusan \u00e9p\u00fclj\u00f6n fel, jusson el valahonnan valahov\u00e1, \u00e9s tartalmazzon \u00e9rveket, ne csak t\u00e9nyeket.<\/p>\n<p>Mindehhez sz\u00fcks\u00e9ged van egy tervre, egy v\u00e1zlatra a fejedben &#8211; nem is kell felt\u00e9tlen le\u00edrnod, csak fontos, hogy gondold v\u00e9gig a sz\u00f6veged f\u0151bb pontjait. Ha p\u00e1nikszer\u0171en hozz\u00e1kezdesz, belecsapsz a k\u00f6zep\u00e9be, le\u00edrod, amit a legfontosabbnak gondolsz, hogy nehogy elfelejtsd, azt\u00e1n visszautalsz az elej\u00e9re, akkor kaotikus hat\u00e1st keltesz: \u00e9ppen, mint aki pont annak nem felel meg, amit a v\u00e1lasz \u00e1tl\u00e1t\u00e1s\u00e1r\u00f3l besz\u00e9lt\u00fcnk.<\/p>\n<h3>2. Legyen szerkezete az \u00edr\u00e1sodnak<\/h3>\n<p>Kor\u00e1n megtanultuk, hogy minden essz\u00e9 eset\u00e9ben sz\u00fcks\u00e9g van bevezet\u00e9sre, t\u00e1rgyal\u00e1sra \u00e9s befejez\u00e9sre. Ez vizsg\u00e1n is \u00edgy van: ne felejst el az \u00edr\u00e1sod elej\u00e9n megfogalmazni egy fel\u00fct\u00e9st, a v\u00e9g\u00e9n pedig konkl\u00fazi\u00f3val \u00f6sszefoglalni, amit \u00edrt\u00e1l.<\/p>\n<p>Emellett azonban mag\u00e1nak a sz\u00f6vegt\u00f6rzsnek is j\u00f3, ha van egy logikus szerkezete. K\u00e9t alap t\u00edpus k\u00f6z\u00f6tt tehet\u00fcnk k\u00fcl\u00f6nbs\u00e9get: a fontoss\u00e1gi sorrend \u00e9s a kronol\u00f3giai sorrend. A t\u00e9ma hat\u00e1rozza meg, hogy melyiket \u00e9rdemes haszn\u00e1lni, a legt\u00f6bb esetben a fontoss\u00e1gi sorrendet vessz\u00fck el\u0151. Ilyenkor els\u0151k\u00e9nt \u00edrod le a legfontosabb, leger\u0151sebb \u00e1ll\u00edt\u00e1sod, \u00e9s haladsz a legkev\u00e9sb\u00e9 fontos fel\u00e9. \u00cdgy nem fordulhat el\u0151, hogy az olvas\u00f3 megunja a sz\u00f6veged, miel\u0151tt a legfontosabb r\u00e9szhez \u00e9r.<\/p>\n<h3>3. \u00c9rvelj \u00e9s v\u00e9lem\u00e9nyezz<\/h3>\n<p>A kifejt\u0151s k\u00e9rd\u00e9s l\u00e9nyege, hogy a tan\u00e1r nem csak arra k\u00edv\u00e1ncsi, vissza tudsz-e mondani memoriterk\u00e9nt adatokat, defin\u00edci\u00f3kat. Itt der\u00fcl ki, hogy val\u00f3ban meg\u00e9rtetted-e a tanulnival\u00f3t. Ez\u00e9rt fontos, hogy ne csak t\u00e9nyeket, \u00e1ll\u00edt\u00e1sokat \u00edrj, mondv\u00e1n, hogy a tan\u00e1rnak nem kell elmagyar\u00e1zni, \u00fagyis tudja, hanem pontosan hogy \u00edrd le, adott \u00e1ll\u00edt\u00e1s mi\u00e9rt van \u00fagy.<\/p>\n<p>\u00c9pp ez az essz\u00e9 egyik nagy el\u0151nye: lehet, hogy kihagysz p\u00e1r fontos gondolatot, de ha azokat, amik eszedbe jutnak, \u00e9rtelmesen, \u00e9rvekkel al\u00e1t\u00e1masztva, saj\u00e1t szavaiddal magyar\u00e1zod el, akkor val\u00f3sz\u00edn\u0171leg j\u00f3 jegyet kapsz majd.<\/p>\n<p>Ha a t\u00e9ma olyan, nyugodtan hozz\u00e1f\u0171zheted a saj\u00e1t gondolataid, k\u00f6vetkeztet\u00e9seid is, a tan\u00e1rok kev\u00e9s dolognak \u00f6r\u00fclnek egy vizsg\u00e1n jobban ann\u00e1l, mint ha l\u00e1tj\u00e1k, hogy gondolkodt\u00e1l azon, amit tan\u00edtanak.<\/p>\n<h3>4. A l\u00e9nyegre f\u00f3kusz\u00e1lj<\/h3>\n<p>Sokat hangs\u00falyoztuk a magyar\u00e1zat fontoss\u00e1g\u00e1t, ugyanakkor a l\u00e9nyeg m\u00e9giscsak a l\u00e9nyeg. \ud83d\ude42 A t\u00fal\u00edr\u00e1s elker\u00fcl\u00e9s\u00e9nek legbiztosabb m\u00f3dja, ha az \u00e1ll\u00edt\u00e1sokb\u00f3l indulsz ki, \u00e9s azt k\u00f6vetik az \u00e9rvek, az indokl\u00e1s.<\/p>\n<p>Ebben a form\u00e1ban a sz\u00f6veged is tartalmasabbnak t\u0171nik majd. Kezdd a bekezd\u00e9st az \u00e1ll\u00edt\u00e1ssal, ut\u00e1na j\u00f6n a magyar\u00e1z\u00f3 sz\u00f6veg. Amikor egy \u00fajabb fontos meg\u00e1llap\u00edt\u00e1shoz \u00e9rsz, ism\u00e9t kezdj \u00faj bekezd\u00e9st. \u00cdgy a tan\u00e1r l\u00e1tja: nem csak rizs\u00e1zol, hanem sz\u00e9pen egym\u00e1s alatt sorakoznak a fontos \u00e1ll\u00edt\u00e1said.<\/p>\n<h3>5. Olvasd el, miel\u0151tt beadod<\/h3>\n<p>B\u00e1r az \u00f6sszefirk\u00e1lt essz\u00e9 nem a legvonz\u00f3bb, n\u00e9h\u00e1ny betold\u00e1s m\u00e9gis hasznosabb, mintha az \u00edr\u00e1sodb\u00f3l hi\u00e1nyzik p\u00e1r fontos logikai l\u00e9p\u00e9s. Ezt akkor fogod \u00e9szrevenni, ha visszaolvasod, amit \u00edrt\u00e1l, ez\u00e9rt ezt ne mulaszd el.<\/p>\n<p>Ahogy a bevezet\u0151dben is \u00edrtuk, a kifejt\u0151s k\u00e9rd\u00e9s alkalmas r\u00e1, hogy elfedd a hi\u00e1nyoss\u00e1gaid, mert ha mindaz, ami eszedbe jut, amit tudsz, logikusan van fel\u00e9p\u00edtve, akkor a hat\u00e1s az lesz: val\u00f3ban \u00e9rted a tananyagot. Ha viszont hi\u00e1nyzik a v\u00e1laszodb\u00f3l a strukt\u00fara, \u00e9s f\u00e9lmondatokban elv\u00e9sz a l\u00e9nyeg, akkor k\u00f6nnyen \u00fagy t\u0171nhet, egy\u00e1ltal\u00e1n nem birtoklod annyira a tananyagot, mint kellene. Gyakorl\u00e1ssal azonban egyre jobb lehetsz benne, f\u0151leg, ha tudatosan k\u00e9sz\u00fclsz, \u00e9s \u00e9szben tartod a fent le\u00edrtakat.<\/p>\n\n<!-- Facebook Like Button v1.9.6 BEGIN [http:\/\/blog.bottomlessinc.com] -->\n<iframe src=\"http:\/\/www.facebook.com\/plugins\/like.php?href=https%3A%2F%2Fdiakszemmel.hu%2Findex.php%2F2020%2F01%2Figy-lass-hozza-a-kifejtos-a-kerdeshez%2F&amp;layout=standard&amp;show_faces=false&amp;width=450&amp;action=like&amp;colorscheme=light\" scrolling=\"no\" frameborder=\"0\" allowTransparency=\"true\" style=\"border:none; overflow:hidden; width:450px; height: 30px; align: left; margin: 2px 0px 2px 0px\"><\/iframe>\n<!-- Facebook Like Button END -->\n","protected":false},"excerpt":{"rendered":"<p>Egy vizsg\u00e1n tal\u00e1n a kifejt\u0151s k\u00e9rd\u00e9sben van a legink\u00e1bb lehet\u0151s\u00e9geid elrejteni a hi\u00e1nyoss\u00e1gaid, eleg\u00e1nsan \u00e1tugrani, ami nem jut az eszedbe, ugyanakkor, ha nem tudod j\u00f3l fel\u00e9p\u00edteni, enn\u00e9l fordulhat el\u0151 a legk\u00f6nnyebben az is, hogy hi\u00e1ba tudod a v\u00e1laszt, a sz\u00f6vegedb\u0151l nem j\u00f6n \u00e1t, mennyire k\u00e9pben vagy. Hogyan \u00e9rdemes teh\u00e1t nekil\u00e1tni az essz\u00e9k\u00e9rd\u00e9snek?<\/p>\n","protected":false},"author":2,"featured_media":3918,"comment_status":"closed","ping_status":"open","sticky":false,"template":"","format":"standard","meta":{"_jetpack_memberships_contains_paid_content":false,"footnotes":""},"categories":[4],"tags":[118,500,846,80],"class_list":["post-3917","post","type-post","status-publish","format-standard","has-post-thumbnail","hentry","category-suli_tippek","tag-dolgozat","tag-essze","tag-kifejtos-kerdes","tag-vizsga"],"jetpack_featured_media_url":"https:\/\/i0.wp.com\/diakszemmel.hu\/wp-tartalom\/uploads\/2020\/01\/kifejtos_kerdes.jpg?fit=800%2C607&ssl=1","jetpack_shortlink":"https:\/\/wp.me\/p7SAqx-11b","jetpack_sharing_enabled":true,"_links":{"self":[{"href":"https:\/\/diakszemmel.hu\/index.php\/wp-json\/wp\/v2\/posts\/3917","targetHints":{"allow":["GET"]}}],"collection":[{"href":"https:\/\/diakszemmel.hu\/index.php\/wp-json\/wp\/v2\/posts"}],"about":[{"href":"https:\/\/diakszemmel.hu\/index.php\/wp-json\/wp\/v2\/types\/post"}],"author":[{"embeddable":true,"href":"https:\/\/diakszemmel.hu\/index.php\/wp-json\/wp\/v2\/users\/2"}],"replies":[{"embeddable":true,"href":"https:\/\/diakszemmel.hu\/index.php\/wp-json\/wp\/v2\/comments?post=3917"}],"version-history":[{"count":1,"href":"https:\/\/diakszemmel.hu\/index.php\/wp-json\/wp\/v2\/posts\/3917\/revisions"}],"predecessor-version":[{"id":3919,"href":"https:\/\/diakszemmel.hu\/index.php\/wp-json\/wp\/v2\/posts\/3917\/revisions\/3919"}],"wp:featuredmedia":[{"embeddable":true,"href":"https:\/\/diakszemmel.hu\/index.php\/wp-json\/wp\/v2\/media\/3918"}],"wp:attachment":[{"href":"https:\/\/diakszemmel.hu\/index.php\/wp-json\/wp\/v2\/media?parent=3917"}],"wp:term":[{"taxonomy":"category","embeddable":true,"href":"https:\/\/diakszemmel.hu\/index.php\/wp-json\/wp\/v2\/categories?post=3917"},{"taxonomy":"post_tag","embeddable":true,"href":"https:\/\/diakszemmel.hu\/index.php\/wp-json\/wp\/v2\/tags?post=3917"}],"curies":[{"name":"wp","href":"https:\/\/api.w.org\/{rel}","templated":true}]}}