{"id":5472,"date":"2022-02-02T16:33:06","date_gmt":"2022-02-02T15:33:06","guid":{"rendered":"https:\/\/diakszemmel.hu\/?p=5472"},"modified":"2022-02-02T16:33:06","modified_gmt":"2022-02-02T15:33:06","slug":"memorizalas-vagy-megertes-mikor-melyik","status":"publish","type":"post","link":"https:\/\/diakszemmel.hu\/index.php\/2022\/02\/memorizalas-vagy-megertes-mikor-melyik\/","title":{"rendered":"Memoriz\u00e1l\u00e1s vagy meg\u00e9rt\u00e9s: mikor melyik?"},"content":{"rendered":"\n<!-- Facebook Like Button v1.9.6 BEGIN [http:\/\/blog.bottomlessinc.com] -->\n<iframe src=\"http:\/\/www.facebook.com\/plugins\/like.php?href=https%3A%2F%2Fdiakszemmel.hu%2Findex.php%2F2022%2F02%2Fmemorizalas-vagy-megertes-mikor-melyik%2F&amp;layout=standard&amp;show_faces=false&amp;width=450&amp;action=like&amp;colorscheme=light\" scrolling=\"no\" frameborder=\"0\" allowTransparency=\"true\" style=\"border:none; overflow:hidden; width:450px; height: 30px; align: left; margin: 2px 0px 2px 0px\"><\/iframe>\n<!-- Facebook Like Button END -->\n<p><strong>Amikor tanul\u00e1sr\u00f3l van sz\u00f3, sokan nem is veszik figyelembe, milyen jelent\u0151s k\u00fcl\u00f6nbs\u00e9g van memoriz\u00e1l\u00e1s \u00e9s meg\u00e9rt\u00e9s k\u00f6z\u00f6tt. Sz\u00f3val, mikor melyik j\u00f6n, \u00e9s hogyan csin\u00e1ljuk j\u00f3l?<\/strong><!--more--><\/p>\n<figure id=\"attachment_5473\" aria-describedby=\"caption-attachment-5473\" style=\"width: 500px\" class=\"wp-caption aligncenter\"><img data-recalc-dims=\"1\" loading=\"lazy\" decoding=\"async\" class=\" wp-image-5473\" src=\"https:\/\/i0.wp.com\/diakszemmel.hu\/wp-tartalom\/uploads\/2022\/02\/memorizalas_vagy_megertes.jpg?resize=500%2C333&#038;ssl=1\" alt=\"memoriz\u00e1l\u00e1s vagy meg\u00e9rt\u00e9s\" width=\"500\" height=\"333\" srcset=\"https:\/\/i0.wp.com\/diakszemmel.hu\/wp-tartalom\/uploads\/2022\/02\/memorizalas_vagy_megertes.jpg?w=800&amp;ssl=1 800w, https:\/\/i0.wp.com\/diakszemmel.hu\/wp-tartalom\/uploads\/2022\/02\/memorizalas_vagy_megertes.jpg?resize=300%2C200&amp;ssl=1 300w, https:\/\/i0.wp.com\/diakszemmel.hu\/wp-tartalom\/uploads\/2022\/02\/memorizalas_vagy_megertes.jpg?resize=768%2C512&amp;ssl=1 768w, https:\/\/i0.wp.com\/diakszemmel.hu\/wp-tartalom\/uploads\/2022\/02\/memorizalas_vagy_megertes.jpg?resize=110%2C73&amp;ssl=1 110w, https:\/\/i0.wp.com\/diakszemmel.hu\/wp-tartalom\/uploads\/2022\/02\/memorizalas_vagy_megertes.jpg?resize=420%2C280&amp;ssl=1 420w, https:\/\/i0.wp.com\/diakszemmel.hu\/wp-tartalom\/uploads\/2022\/02\/memorizalas_vagy_megertes.jpg?resize=645%2C430&amp;ssl=1 645w, https:\/\/i0.wp.com\/diakszemmel.hu\/wp-tartalom\/uploads\/2022\/02\/memorizalas_vagy_megertes.jpg?resize=24%2C16&amp;ssl=1 24w, https:\/\/i0.wp.com\/diakszemmel.hu\/wp-tartalom\/uploads\/2022\/02\/memorizalas_vagy_megertes.jpg?resize=36%2C24&amp;ssl=1 36w, https:\/\/i0.wp.com\/diakszemmel.hu\/wp-tartalom\/uploads\/2022\/02\/memorizalas_vagy_megertes.jpg?resize=48%2C32&amp;ssl=1 48w\" sizes=\"auto, (max-width: 500px) 100vw, 500px\" \/><figcaption id=\"caption-attachment-5473\" class=\"wp-caption-text\">Photo of concentrated readhead bearded student, preparing for university exam in a cafe<\/figcaption><\/figure>\n<p>Az alapvet\u0151 k\u00fcl\u00f6nbs\u00e9g a memoriz\u00e1l\u00e1s \u00e9s a meg\u00e9rt\u00e9s k\u00f6z\u00f6tt, hogy m\u00edg az el\u0151bbi \u00f6nmag\u00e1ban r\u00f6vid t\u00e1v\u00fa, \u00e9s csak az adott dologra vonatkozik, addig ut\u00f3bbi, a meg\u00e9rt\u00e9s hossz\u00fa t\u00e1v\u00fa, \u00e9s seg\u00edts\u00e9g\u00e9vel sokkal \u00e1tfog\u00f3bb tud\u00e1st szerzel az adott t\u00e9m\u00e1r\u00f3l.<\/p>\n<p><strong>Mikor j\u00f3 a memoriz\u00e1l\u00e1s?<\/strong><\/p>\n<p>Sokan esnek abba a hib\u00e1ba, hogy a tanul\u00e1st memoriz\u00e1l\u00e1ssal azonos\u00edtj\u00e1k, vagyis magolnak. Ez azonban nem vezet hossz\u00fa t\u00e1v\u00fa eredm\u00e9nyre, mert amit bemagolunk, azt csak egy nagyon r\u00f6vid ideig tudjuk visszamondani.<\/p>\n<p>Memoriz\u00e1lni akkor kell, amikor adatokat: neveket, \u00e9vsz\u00e1mokat, stb. kell megjegyezn\u00fcnk, mert ezeket kell tudnunk a sz\u00e1monk\u00e9r\u00e9s sor\u00e1n. Term\u00e9szetesen ilyen esetek is el\u0151fordulnak, ezekhez j\u00f3 taktika lehet, ha:<\/p>\n<ul>\n<li>megpr\u00f3b\u00e1ljuk vizualiz\u00e1lni, k\u00e9pi elemhez k\u00f6tni az inform\u00e1ci\u00f3t<\/li>\n<li>kik\u00e9rdez\u0151 k\u00e1rty\u00e1val addig ism\u00e9telj\u00fck, am\u00edg siker\u00fcl megjegyezni<\/li>\n<li>valamilyen asszoci\u00e1ci\u00f3t t\u00e1rs\u00edtunk hozz\u00e1<\/li>\n<li>kital\u00e1lunk vele egy k\u00e9tsoros r\u00edmet, amir\u0151l esz\u00fcnkbe jut<\/li>\n<\/ul>\n<div class=\"banner_wrapper\" style=\"\"><div class=\"banner  banner-2270 bottom vert custom-banners-theme-default_style\" style=\"\"><img loading=\"lazy\" decoding=\"async\" width=\"728\" height=\"90\" src=\"https:\/\/i0.wp.com\/diakszemmel.hu\/wp-tartalom\/uploads\/2018\/08\/diakmunkat-_keresel.gif?fit=728%2C90&amp;ssl=1\" class=\"attachment-full size-full\" alt=\"\" \/><a class=\"custom_banners_big_link\" href=\"http:\/\/www.multijobisz.hu\/?utm_source=diakszemmel\" target=\"_blank\" rel=\"noopener\"><\/a><\/div><\/div>\n<p><strong>Miben m\u00e1s a meg\u00e9rt\u00e9s?<\/strong><\/p>\n<p>A meg\u00e9rt\u00e9sb\u0151l kell kiindulnunk, amikor val\u00f3ban meg akarjuk tanulni az adott dolgot, mert ennek alapja, hogy \u00e9rts\u00fck a fel\u00e9p\u00edt\u00e9s\u00e9t, a logik\u00e1j\u00e1t, a k\u00f6vetkeztet\u00e9seket.<\/p>\n<p>El kell mer\u00fcln\u00fcnk az adott t\u00e9m\u00e1ban addig, am\u00edg val\u00f3ban meg\u00e9rtj\u00fck, ha \u00e9rdekel a t\u00e9ma, \u00e9s val\u00f3ban haszn\u00e1lni is szeretn\u00e9nk azt a tud\u00e1st, amit \u00edgy megszerz\u00fcnk.<\/p>\n<div class=\"banner_wrapper\" style=\"\"><div class=\"banner  banner-2270 bottom vert custom-banners-theme-default_style\" style=\"\"><img loading=\"lazy\" decoding=\"async\" width=\"728\" height=\"90\" src=\"https:\/\/i0.wp.com\/diakszemmel.hu\/wp-tartalom\/uploads\/2018\/08\/diakmunkat-_keresel.gif?fit=728%2C90&amp;ssl=1\" class=\"attachment-full size-full\" alt=\"\" \/><a class=\"custom_banners_big_link\" href=\"http:\/\/www.multijobisz.hu\/?utm_source=diakszemmel\" target=\"_blank\" rel=\"noopener\"><\/a><\/div><\/div>\n<p><strong>Meg\u00e9rt\u00e9sre van sz\u00fcks\u00e9g\u00fcnk, ha:<\/strong><\/p>\n<ul>\n<li>az adott inform\u00e1ci\u00f3t k\u00e9s\u0151bb egy gyakorlati kontextusban tudnunk kell felhaszn\u00e1lni<\/li>\n<li>az adott inform\u00e1ci\u00f3ra k\u00e9s\u0151bb tov\u00e1bbi tud\u00e1s \u00e9p\u00fcl majd<\/li>\n<li>nem csak levizsg\u00e1zni szeretn\u00e9l<\/li>\n<\/ul>\n<p>Amit val\u00f3ban meg\u00e9rt\u00fcnk, azt ut\u00e1na sokkal k\u00f6nnyebben fel tudjuk id\u00e9zni, a meg\u00e9rt\u00e9s teh\u00e1t m\u00e1r \u00f6nmag\u00e1ban tanul\u00e1s. Hiszen ha meg\u00e9rted a logik\u00e1t, az \u00f6sszef\u00fcgg\u00e9st, akkor fel tudod id\u00e9zni, el tudod mondani m\u00e1snak is. A meg\u00e9rt\u00e9shez term\u00e9szetesen kapcsol\u00f3dik memoriz\u00e1lnival\u00f3 inform\u00e1ci\u00f3, de a meg\u00e9rt\u00e9s j\u00f6n el\u0151bb, ut\u00e1na lehet pr\u00f3b\u00e1lni megjegyezni az adatokat.<\/p>\n<p>Memoriz\u00e1l\u00e1s:<\/p>\n<ul>\n<li>r\u00f6vid t\u00e1v\u00fa<\/li>\n<li>egy adat, inform\u00e1ci\u00f3 felid\u00e9z\u00e9s\u00e9re korl\u00e1toz\u00f3dik<\/li>\n<li>csak arra az egyetlen dologra vonatkozik, amit memoriz\u00e1lsz<\/li>\n<\/ul>\n<p>Meg\u00e9rt\u00e9s:<\/p>\n<ul>\n<li>hossz\u00fa t\u00e1v\u00fa<\/li>\n<li>az \u00edgy szerzett tud\u00e1s felhaszn\u00e1lhat\u00f3 val\u00f3di gyakorlati helyzetekben<\/li>\n<li>nem csak \u00f6nmag\u00e1ra vonatkozik, hanem seg\u00edts\u00e9g\u00e9vel tov\u00e1bbi \u00f6sszef\u00fcgg\u00e9seket \u00e9rthetsz meg, kapcsolatokat vehetsz \u00e9szre, felfedez\u00e9seket tehetsz az adott t\u00e9m\u00e1ban<\/li>\n<li>tov\u00e1bbi tud\u00e1st \u00e9p\u00edthetsz r\u00e1<\/li>\n<\/ul>\n\n<!-- Facebook Like Button v1.9.6 BEGIN [http:\/\/blog.bottomlessinc.com] -->\n<iframe src=\"http:\/\/www.facebook.com\/plugins\/like.php?href=https%3A%2F%2Fdiakszemmel.hu%2Findex.php%2F2022%2F02%2Fmemorizalas-vagy-megertes-mikor-melyik%2F&amp;layout=standard&amp;show_faces=false&amp;width=450&amp;action=like&amp;colorscheme=light\" scrolling=\"no\" frameborder=\"0\" allowTransparency=\"true\" style=\"border:none; overflow:hidden; width:450px; height: 30px; align: left; margin: 2px 0px 2px 0px\"><\/iframe>\n<!-- Facebook Like Button END -->\n","protected":false},"excerpt":{"rendered":"<p>Amikor tanul\u00e1sr\u00f3l van sz\u00f3, sokan nem is veszik figyelembe, milyen jelent\u0151s k\u00fcl\u00f6nbs\u00e9g van memoriz\u00e1l\u00e1s \u00e9s meg\u00e9rt\u00e9s k\u00f6z\u00f6tt. Sz\u00f3val, mikor melyik j\u00f6n, \u00e9s hogyan csin\u00e1ljuk j\u00f3l?<\/p>\n","protected":false},"author":2,"featured_media":5473,"comment_status":"closed","ping_status":"open","sticky":false,"template":"","format":"standard","meta":{"_jetpack_memberships_contains_paid_content":false,"footnotes":""},"categories":[4],"tags":[707],"class_list":["post-5472","post","type-post","status-publish","format-standard","has-post-thumbnail","hentry","category-suli_tippek","tag-memorizalas"],"jetpack_featured_media_url":"https:\/\/i0.wp.com\/diakszemmel.hu\/wp-tartalom\/uploads\/2022\/02\/memorizalas_vagy_megertes.jpg?fit=800%2C533&ssl=1","jetpack_shortlink":"https:\/\/wp.me\/p7SAqx-1qg","jetpack_sharing_enabled":true,"_links":{"self":[{"href":"https:\/\/diakszemmel.hu\/index.php\/wp-json\/wp\/v2\/posts\/5472","targetHints":{"allow":["GET"]}}],"collection":[{"href":"https:\/\/diakszemmel.hu\/index.php\/wp-json\/wp\/v2\/posts"}],"about":[{"href":"https:\/\/diakszemmel.hu\/index.php\/wp-json\/wp\/v2\/types\/post"}],"author":[{"embeddable":true,"href":"https:\/\/diakszemmel.hu\/index.php\/wp-json\/wp\/v2\/users\/2"}],"replies":[{"embeddable":true,"href":"https:\/\/diakszemmel.hu\/index.php\/wp-json\/wp\/v2\/comments?post=5472"}],"version-history":[{"count":1,"href":"https:\/\/diakszemmel.hu\/index.php\/wp-json\/wp\/v2\/posts\/5472\/revisions"}],"predecessor-version":[{"id":5474,"href":"https:\/\/diakszemmel.hu\/index.php\/wp-json\/wp\/v2\/posts\/5472\/revisions\/5474"}],"wp:featuredmedia":[{"embeddable":true,"href":"https:\/\/diakszemmel.hu\/index.php\/wp-json\/wp\/v2\/media\/5473"}],"wp:attachment":[{"href":"https:\/\/diakszemmel.hu\/index.php\/wp-json\/wp\/v2\/media?parent=5472"}],"wp:term":[{"taxonomy":"category","embeddable":true,"href":"https:\/\/diakszemmel.hu\/index.php\/wp-json\/wp\/v2\/categories?post=5472"},{"taxonomy":"post_tag","embeddable":true,"href":"https:\/\/diakszemmel.hu\/index.php\/wp-json\/wp\/v2\/tags?post=5472"}],"curies":[{"name":"wp","href":"https:\/\/api.w.org\/{rel}","templated":true}]}}