{"id":6537,"date":"2024-02-09T09:27:53","date_gmt":"2024-02-09T08:27:53","guid":{"rendered":"https:\/\/diakszemmel.hu\/?p=6537"},"modified":"2024-02-09T09:27:53","modified_gmt":"2024-02-09T08:27:53","slug":"diakmunka-az-oneletrajzban-hogyan-tuntesd-fel-hogy-elonyodre-valjon","status":"publish","type":"post","link":"https:\/\/diakszemmel.hu\/index.php\/2024\/02\/diakmunka-az-oneletrajzban-hogyan-tuntesd-fel-hogy-elonyodre-valjon\/","title":{"rendered":"Di\u00e1kmunka az \u00f6n\u00e9letrajzban: hogyan t\u00fcntesd fel, hogy el\u0151ny\u00f6dre v\u00e1ljon?"},"content":{"rendered":"\n<!-- Facebook Like Button v1.9.6 BEGIN [http:\/\/blog.bottomlessinc.com] -->\n<iframe src=\"http:\/\/www.facebook.com\/plugins\/like.php?href=https%3A%2F%2Fdiakszemmel.hu%2Findex.php%2F2024%2F02%2Fdiakmunka-az-oneletrajzban-hogyan-tuntesd-fel-hogy-elonyodre-valjon%2F&amp;layout=standard&amp;show_faces=false&amp;width=450&amp;action=like&amp;colorscheme=light\" scrolling=\"no\" frameborder=\"0\" allowTransparency=\"true\" style=\"border:none; overflow:hidden; width:450px; height: 30px; align: left; margin: 2px 0px 2px 0px\"><\/iframe>\n<!-- Facebook Like Button END -->\n<p><strong>Az \u00f6n\u00e9letrajz k\u00e9sz\u00edt\u00e9sekor sokan hajlamosak al\u00e1becs\u00fclni <a href=\"https:\/\/multijobisz.hu\/\" target=\"_blank\" rel=\"noopener\">a di\u00e1kmunk\u00e1ban<\/a> szerzett tapasztalataikat, pedig ezek \u00e9rt\u00e9kes k\u00e9szs\u00e9gek \u00e9s ismeretek forr\u00e1sai lehetnek. A munkaer\u0151piacon val\u00f3 \u00e9rv\u00e9nyes\u00fcl\u00e9shez fontos, hogy megmutasd leend\u0151 munkaad\u00f3idnak, mi\u00e9rt \u00e9rdemes t\u00e9ged v\u00e1lasztaniuk, milyen tud\u00e1sra tett\u00e9l szert eddig. \u00cdme n\u00e9h\u00e1ny tipp, hogyan t\u00fcntesd fel a di\u00e1kmunk\u00e1t az \u00f6n\u00e9letrajzodban, hogy el\u0151ny\u00f6dre v\u00e1ljon.<\/strong><!--more--><\/p>\n<h3><img data-recalc-dims=\"1\" loading=\"lazy\" decoding=\"async\" class=\"wp-image-6538 aligncenter\" src=\"https:\/\/i0.wp.com\/diakszemmel.hu\/wp-tartalom\/uploads\/2024\/02\/diakmunka_oneletrajz.jpg?resize=500%2C333&#038;ssl=1\" alt=\"di\u00e1kmunka tapasztalat az \u00f6n\u00e9letrajzban\" width=\"500\" height=\"333\" srcset=\"https:\/\/i0.wp.com\/diakszemmel.hu\/wp-tartalom\/uploads\/2024\/02\/diakmunka_oneletrajz.jpg?w=1200&amp;ssl=1 1200w, https:\/\/i0.wp.com\/diakszemmel.hu\/wp-tartalom\/uploads\/2024\/02\/diakmunka_oneletrajz.jpg?resize=300%2C200&amp;ssl=1 300w, https:\/\/i0.wp.com\/diakszemmel.hu\/wp-tartalom\/uploads\/2024\/02\/diakmunka_oneletrajz.jpg?resize=1024%2C683&amp;ssl=1 1024w, https:\/\/i0.wp.com\/diakszemmel.hu\/wp-tartalom\/uploads\/2024\/02\/diakmunka_oneletrajz.jpg?resize=768%2C512&amp;ssl=1 768w, https:\/\/i0.wp.com\/diakszemmel.hu\/wp-tartalom\/uploads\/2024\/02\/diakmunka_oneletrajz.jpg?resize=110%2C73&amp;ssl=1 110w, https:\/\/i0.wp.com\/diakszemmel.hu\/wp-tartalom\/uploads\/2024\/02\/diakmunka_oneletrajz.jpg?resize=420%2C280&amp;ssl=1 420w, https:\/\/i0.wp.com\/diakszemmel.hu\/wp-tartalom\/uploads\/2024\/02\/diakmunka_oneletrajz.jpg?resize=645%2C430&amp;ssl=1 645w, https:\/\/i0.wp.com\/diakszemmel.hu\/wp-tartalom\/uploads\/2024\/02\/diakmunka_oneletrajz.jpg?resize=24%2C16&amp;ssl=1 24w, https:\/\/i0.wp.com\/diakszemmel.hu\/wp-tartalom\/uploads\/2024\/02\/diakmunka_oneletrajz.jpg?resize=36%2C24&amp;ssl=1 36w, https:\/\/i0.wp.com\/diakszemmel.hu\/wp-tartalom\/uploads\/2024\/02\/diakmunka_oneletrajz.jpg?resize=48%2C32&amp;ssl=1 48w\" sizes=\"auto, (max-width: 500px) 100vw, 500px\" \/><\/h3>\n<h3>1. Szabd szem\u00e9lyre a poz\u00edci\u00f3hoz<\/h3>\n<p>Minden \u00e1ll\u00e1sjelentkez\u00e9s sor\u00e1n szabd szem\u00e9lyre az \u00f6n\u00e9letrajzod az adott poz\u00edci\u00f3hoz. Gondold \u00e1t, mely k\u00e9szs\u00e9geid \u00e9s tapasztalataid relev\u00e1nsak az adott munkak\u00f6rre, \u00e9s ezeket emeld ki. Ha p\u00e9ld\u00e1ul \u00fcgyf\u00e9lszolg\u00e1lati munk\u00e1ra jelentkezel, emelj ki minden olyan tapasztalatot, amely kommunik\u00e1ci\u00f3s k\u00e9szs\u00e9geidet \u00e9s \u00fcgyf\u00e9lk\u00f6zpont\u00fas\u00e1godat bizony\u00edtja.<\/p>\n<h3>2. Konkr\u00e9t eredm\u00e9nyek \u00e9s feladatok<\/h3>\n<p>Ne csak felsorold a bet\u00f6lt\u00f6tt poz\u00edci\u00f3kat, hanem \u00edrd le konkr\u00e9tan, milyen feladatokat l\u00e1tt\u00e1l el, \u00e9s milyen eredm\u00e9nyeket \u00e9rt\u00e9l el. Haszn\u00e1lj m\u00e9rhet\u0151 adatokat \u00e9s eredm\u00e9nyeket, amikor csak lehets\u00e9ges. P\u00e9ld\u00e1ul: &#8222;A csapatommal egy\u00fctt 20%-kal n\u00f6velt\u00fck az \u00fcgyf\u00e9l-el\u00e9gedetts\u00e9get egy negyed\u00e9v alatt.&#8221;<\/p>\n<div class=\"banner_wrapper\" style=\"\"><div class=\"banner  banner-2537 bottom vert custom-banners-theme-default_style\" style=\"\"><img loading=\"lazy\" decoding=\"async\" width=\"728\" height=\"90\" src=\"https:\/\/i0.wp.com\/diakszemmel.hu\/wp-tartalom\/uploads\/2018\/10\/Diakmunkat-keresel.gif?fit=728%2C90&amp;ssl=1\" class=\"attachment-full size-full\" alt=\"\" \/><a class=\"custom_banners_big_link\" href=\"https:\/\/multijobisz.hu\/eloleg\" target=\"_blank\" rel=\"noopener\"><\/a><\/div><\/div>\n<h3>3. A k\u00e9szs\u00e9gek kiemel\u00e9se<\/h3>\n<p>Az \u00f6n\u00e9letrajzodban egy k\u00fcl\u00f6n szekci\u00f3ban emeld ki azokat a k\u00e9szs\u00e9geket, amelyeket a di\u00e1kmunk\u00e1d sor\u00e1n szerezt\u00e9l. Legyen sz\u00f3 csapatmunk\u00e1r\u00f3l, probl\u00e9mamegold\u00e1sr\u00f3l, id\u0151gazd\u00e1lkod\u00e1sr\u00f3l vagy ak\u00e1r p\u00e9nzkezel\u00e9sr\u0151l, ezek a k\u00e9szs\u00e9gek \u00e9rt\u00e9kesek lehetnek a leend\u0151 munkaad\u00f3 sz\u00e1m\u00e1ra is.<\/p>\n<h3>4. Tanuls\u00e1gok \u00e9s fejl\u0151d\u00e9s<\/h3>\n<p>Ne habozz megosztani, milyen tanuls\u00e1gokat vont\u00e1l le <a href=\"https:\/\/multijobisz.hu\/\" target=\"_blank\" rel=\"noopener\">a di\u00e1kmunk\u00e1ban<\/a> szerzett tapasztalataidb\u00f3l, \u00e9s hogyan seg\u00edtett ez a szem\u00e9lyes \u00e9s szakmai fejl\u0151d\u00e9sedben. Ezzel meg tudod mutatni, hogy k\u00e9pes vagy a szakmai \u00f6nreflexi\u00f3ra \u00e9s hajland\u00f3 vagy tanulni \u00e9s fejl\u0151dni.<\/p>\n<h3>5. Professzion\u00e1lis elnevez\u00e9sek haszn\u00e1lata<\/h3>\n<p>Pr\u00f3b\u00e1lj meg professzion\u00e1lis elnevez\u00e9seket haszn\u00e1lni a di\u00e1kmunk\u00e1idra. P\u00e9ld\u00e1ul, ha egy k\u00e1v\u00e9z\u00f3ban dolgozt\u00e1l, akkor &#8222;vend\u00e9gl\u00e1t\u00f3ipari munkat\u00e1rs&#8221; vagy &#8222;\u00fcgyf\u00e9lszolg\u00e1lati k\u00e9pvisel\u0151&#8221; kifejez\u00e9seket haszn\u00e1lva emelheted a poz\u00edci\u00f3 preszt\u00edzs\u00e9t. Term\u00e9szetesen ezeken mindenki \u00e1tl\u00e1t, ha jobban belegondol, de az els\u0151 benyom\u00e1s is fontos.<\/p>\n<p>A di\u00e1kmunka nem csak bev\u00e9telszerz\u00e9si lehet\u0151s\u00e9g, hanem hasznodra v\u00e1lhat relev\u00e1ns szakmai k\u00e9szs\u00e9gek fejleszt\u00e9s\u00e9ben \u00e9s a tapasztalatszerz\u00e9sben is. Ha az \u00f6n\u00e9letrajzodban j\u00f3l mutatod be, kit\u0171nhetsz \u00e1ltala a t\u00f6bbi jelentkez\u0151 k\u00f6z\u00fcl, \u00edgy n\u00f6velheted az es\u00e9lyeid, hogy beh\u00edvnak interj\u00fara. Gondold \u00e1t, egy-egy megp\u00e1ly\u00e1zott poz\u00edci\u00f3hoz mi emelhet\u0151 ki a di\u00e1kmunk\u00e1ban szerzett tapasztalataidb\u00f3l, \u00e9s t\u00fcntesd fel az \u00f6n\u00e9letrajzodban!<\/p>\n\n<!-- Facebook Like Button v1.9.6 BEGIN [http:\/\/blog.bottomlessinc.com] -->\n<iframe src=\"http:\/\/www.facebook.com\/plugins\/like.php?href=https%3A%2F%2Fdiakszemmel.hu%2Findex.php%2F2024%2F02%2Fdiakmunka-az-oneletrajzban-hogyan-tuntesd-fel-hogy-elonyodre-valjon%2F&amp;layout=standard&amp;show_faces=false&amp;width=450&amp;action=like&amp;colorscheme=light\" scrolling=\"no\" frameborder=\"0\" allowTransparency=\"true\" style=\"border:none; overflow:hidden; width:450px; height: 30px; align: left; margin: 2px 0px 2px 0px\"><\/iframe>\n<!-- Facebook Like Button END -->\n","protected":false},"excerpt":{"rendered":"<p>Az \u00f6n\u00e9letrajz k\u00e9sz\u00edt\u00e9sekor sokan hajlamosak al\u00e1becs\u00fclni a di\u00e1kmunk\u00e1ban szerzett tapasztalataikat, pedig ezek \u00e9rt\u00e9kes k\u00e9szs\u00e9gek \u00e9s ismeretek forr\u00e1sai lehetnek. A munkaer\u0151piacon val\u00f3 \u00e9rv\u00e9nyes\u00fcl\u00e9shez fontos, hogy megmutasd leend\u0151 munkaad\u00f3idnak, mi\u00e9rt \u00e9rdemes t\u00e9ged v\u00e1lasztaniuk, milyen tud\u00e1sra tett\u00e9l szert eddig. \u00cdme n\u00e9h\u00e1ny tipp, hogyan t\u00fcntesd fel a di\u00e1kmunk\u00e1t az \u00f6n\u00e9letrajzodban, hogy el\u0151ny\u00f6dre v\u00e1ljon.<\/p>\n","protected":false},"author":2,"featured_media":6538,"comment_status":"closed","ping_status":"open","sticky":false,"template":"","format":"standard","meta":{"_jetpack_memberships_contains_paid_content":false,"footnotes":""},"categories":[5],"tags":[11,419,449],"class_list":["post-6537","post","type-post","status-publish","format-standard","has-post-thumbnail","hentry","category-melo","tag-diakmunka","tag-karrier","tag-oneletrajz"],"jetpack_featured_media_url":"https:\/\/i0.wp.com\/diakszemmel.hu\/wp-tartalom\/uploads\/2024\/02\/diakmunka_oneletrajz.jpg?fit=1200%2C800&ssl=1","jetpack_shortlink":"https:\/\/wp.me\/p7SAqx-1Hr","jetpack_sharing_enabled":true,"_links":{"self":[{"href":"https:\/\/diakszemmel.hu\/index.php\/wp-json\/wp\/v2\/posts\/6537","targetHints":{"allow":["GET"]}}],"collection":[{"href":"https:\/\/diakszemmel.hu\/index.php\/wp-json\/wp\/v2\/posts"}],"about":[{"href":"https:\/\/diakszemmel.hu\/index.php\/wp-json\/wp\/v2\/types\/post"}],"author":[{"embeddable":true,"href":"https:\/\/diakszemmel.hu\/index.php\/wp-json\/wp\/v2\/users\/2"}],"replies":[{"embeddable":true,"href":"https:\/\/diakszemmel.hu\/index.php\/wp-json\/wp\/v2\/comments?post=6537"}],"version-history":[{"count":2,"href":"https:\/\/diakszemmel.hu\/index.php\/wp-json\/wp\/v2\/posts\/6537\/revisions"}],"predecessor-version":[{"id":6540,"href":"https:\/\/diakszemmel.hu\/index.php\/wp-json\/wp\/v2\/posts\/6537\/revisions\/6540"}],"wp:featuredmedia":[{"embeddable":true,"href":"https:\/\/diakszemmel.hu\/index.php\/wp-json\/wp\/v2\/media\/6538"}],"wp:attachment":[{"href":"https:\/\/diakszemmel.hu\/index.php\/wp-json\/wp\/v2\/media?parent=6537"}],"wp:term":[{"taxonomy":"category","embeddable":true,"href":"https:\/\/diakszemmel.hu\/index.php\/wp-json\/wp\/v2\/categories?post=6537"},{"taxonomy":"post_tag","embeddable":true,"href":"https:\/\/diakszemmel.hu\/index.php\/wp-json\/wp\/v2\/tags?post=6537"}],"curies":[{"name":"wp","href":"https:\/\/api.w.org\/{rel}","templated":true}]}}