{"id":7261,"date":"2025-03-13T09:31:27","date_gmt":"2025-03-13T08:31:27","guid":{"rendered":"https:\/\/diakszemmel.hu\/?p=7261"},"modified":"2025-03-13T09:31:27","modified_gmt":"2025-03-13T08:31:27","slug":"bagoly-vagy-pacsirta-ne-tanulj-rosszkor-hasznald-ki-a-belso-oradat","status":"publish","type":"post","link":"https:\/\/diakszemmel.hu\/index.php\/2025\/03\/bagoly-vagy-pacsirta-ne-tanulj-rosszkor-hasznald-ki-a-belso-oradat\/","title":{"rendered":"Bagoly vagy pacsirta? Ne tanulj rosszkor, haszn\u00e1ld ki a bels\u0151 \u00f3r\u00e1dat"},"content":{"rendered":"\n<!-- Facebook Like Button v1.9.6 BEGIN [http:\/\/blog.bottomlessinc.com] -->\n<iframe src=\"http:\/\/www.facebook.com\/plugins\/like.php?href=https%3A%2F%2Fdiakszemmel.hu%2Findex.php%2F2025%2F03%2Fbagoly-vagy-pacsirta-ne-tanulj-rosszkor-hasznald-ki-a-belso-oradat%2F&amp;layout=standard&amp;show_faces=false&amp;width=450&amp;action=like&amp;colorscheme=light\" scrolling=\"no\" frameborder=\"0\" allowTransparency=\"true\" style=\"border:none; overflow:hidden; width:450px; height: 30px; align: left; margin: 2px 0px 2px 0px\"><\/iframe>\n<!-- Facebook Like Button END -->\n<p><strong>Mindenkinek m\u00e1s a bels\u0151 \u00f3r\u00e1ja, \u00e9s ez nagyban befoly\u00e1solja a tanul\u00e1si hat\u00e9konys\u00e1got is. A cirkadi\u00e1n ritmusod \u2013 vagyis a term\u00e9szetes alv\u00e1s-\u00e9brenl\u00e9t ciklusod \u2013 meghat\u00e1rozza, mikor vagy a legenergikusabb, legkoncentr\u00e1ltabb, \u00e9s nem \u00e9rdemes a tanul\u00e1ssal pr\u00f3b\u00e1lkoznod. Ha meg\u00e9rted a saj\u00e1t biol\u00f3giai ritmusodat, k\u00f6nnyebben alak\u00edthatsz ki olyan tanul\u00e1si rutint, ami sokkal hat\u00e9konyabb lesz. N\u00e9zz\u00fck meg, hogyan \u00e1ll\u00edthatod be a tanul\u00e1si id\u0151det a bels\u0151 \u00f3r\u00e1dhoz igaz\u00edtva!<\/strong><!--more--><\/p>\n<h2><img data-recalc-dims=\"1\" loading=\"lazy\" decoding=\"async\" class=\" wp-image-7262 aligncenter\" src=\"https:\/\/i0.wp.com\/diakszemmel.hu\/wp-tartalom\/uploads\/2025\/03\/cirkadian-ritmus-01.jpg?resize=500%2C333&#038;ssl=1\" alt=\"cirkadi\u00e1n ritmus a megfelel\u0151 tanul\u00e1si id\u0151pont kiv\u00e1laszt\u00e1sa\" width=\"500\" height=\"333\" srcset=\"https:\/\/i0.wp.com\/diakszemmel.hu\/wp-tartalom\/uploads\/2025\/03\/cirkadian-ritmus-01.jpg?w=1200&amp;ssl=1 1200w, https:\/\/i0.wp.com\/diakszemmel.hu\/wp-tartalom\/uploads\/2025\/03\/cirkadian-ritmus-01.jpg?resize=300%2C200&amp;ssl=1 300w, https:\/\/i0.wp.com\/diakszemmel.hu\/wp-tartalom\/uploads\/2025\/03\/cirkadian-ritmus-01.jpg?resize=1024%2C683&amp;ssl=1 1024w, https:\/\/i0.wp.com\/diakszemmel.hu\/wp-tartalom\/uploads\/2025\/03\/cirkadian-ritmus-01.jpg?resize=768%2C512&amp;ssl=1 768w, https:\/\/i0.wp.com\/diakszemmel.hu\/wp-tartalom\/uploads\/2025\/03\/cirkadian-ritmus-01.jpg?resize=110%2C73&amp;ssl=1 110w, https:\/\/i0.wp.com\/diakszemmel.hu\/wp-tartalom\/uploads\/2025\/03\/cirkadian-ritmus-01.jpg?resize=420%2C280&amp;ssl=1 420w, https:\/\/i0.wp.com\/diakszemmel.hu\/wp-tartalom\/uploads\/2025\/03\/cirkadian-ritmus-01.jpg?resize=645%2C430&amp;ssl=1 645w, https:\/\/i0.wp.com\/diakszemmel.hu\/wp-tartalom\/uploads\/2025\/03\/cirkadian-ritmus-01.jpg?resize=24%2C16&amp;ssl=1 24w, https:\/\/i0.wp.com\/diakszemmel.hu\/wp-tartalom\/uploads\/2025\/03\/cirkadian-ritmus-01.jpg?resize=36%2C24&amp;ssl=1 36w, https:\/\/i0.wp.com\/diakszemmel.hu\/wp-tartalom\/uploads\/2025\/03\/cirkadian-ritmus-01.jpg?resize=48%2C32&amp;ssl=1 48w\" sizes=\"auto, (max-width: 500px) 100vw, 500px\" \/><\/h2>\n<h2>A cirkadi\u00e1n ritmus \u00e9s a koncentr\u00e1ci\u00f3 kapcsolata<\/h2>\n<p>A cirkadi\u00e1n ritmus 24 \u00f3r\u00e1s ciklusokban szab\u00e1lyozza a szervezet m\u0171k\u00f6d\u00e9s\u00e9t: meghat\u00e1rozza az energiaszintet, befoly\u00e1solja az \u00e9bers\u00e9g alakul\u00e1s\u00e1t a k\u00fcl\u00f6nb\u00f6z\u0151 napszakokban, \u00e9s a ment\u00e1lis teljes\u00edtm\u00e9nyt. A f\u00e9ny \u00e9s a s\u00f6t\u00e9ts\u00e9g v\u00e1ltakoz\u00e1sa jelent\u0151s szerepet j\u00e1tszik ebben a folyamatban, mivel a term\u00e9szetes nappali f\u00e9ny serkenti az \u00e9bers\u00e9get, m\u00edg az esti s\u00f6t\u00e9ts\u00e9g az alv\u00e1si hormonok termel\u0151d\u00e9s\u00e9t seg\u00edti. Ugyanakkor az egy\u00e9ni k\u00fcl\u00f6nbs\u00e9gek is meghat\u00e1roz\u00f3ak, hiszen egyesek reggel akt\u00edvabbak, m\u00edg m\u00e1sok este teljes\u00edtenek jobban. A mesters\u00e9ges f\u00e9ny \u00e9s a k\u00e9perny\u0151k haszn\u00e1lata is befoly\u00e1solhatja a biol\u00f3giai ritmust, eltolva a term\u00e9szetes alv\u00e1s-\u00e9brenl\u00e9t ciklust.<\/p>\n<p><strong>H\u00e1rom f\u0151 kronot\u00edpus l\u00e9tezik:<\/strong><\/p>\n<ul>\n<li><strong>Reggeli pacsirta<\/strong> \u2013 kor\u00e1n kel, reggel van a legt\u00f6bb energi\u00e1ja, \u00e9s a d\u00e9lut\u00e1n k\u00f6zep\u00e9re m\u00e1r elf\u00e1rad.<\/li>\n<li><strong>\u00c9jszakai bagoly<\/strong> \u2013 k\u00e9s\u0151n fekszik, este vagy \u00e9jszaka \u00e9rzi mag\u00e1t a legprodukt\u00edvabbnak.<\/li>\n<li><strong>Hibrid t\u00edpus<\/strong> \u2013 a reggeli \u00e9s esti \u00f3r\u00e1k k\u00f6z\u00f6tt is j\u00f3l teljes\u00edt, de nincs kiugr\u00f3an er\u0151s peri\u00f3dusa.<\/li>\n<\/ul>\n<p><img data-recalc-dims=\"1\" loading=\"lazy\" decoding=\"async\" class=\" wp-image-7263 aligncenter\" src=\"https:\/\/i0.wp.com\/diakszemmel.hu\/wp-tartalom\/uploads\/2025\/03\/cirkadian-ritmus-02.jpg?resize=499%2C332&#038;ssl=1\" alt=\"cirkadi\u00e1n ritmus a megfelel\u0151 id\u0151pont kiv\u00e1laszt\u00e1sa tanul\u00e1shoz\" width=\"499\" height=\"332\" srcset=\"https:\/\/i0.wp.com\/diakszemmel.hu\/wp-tartalom\/uploads\/2025\/03\/cirkadian-ritmus-02.jpg?w=1200&amp;ssl=1 1200w, https:\/\/i0.wp.com\/diakszemmel.hu\/wp-tartalom\/uploads\/2025\/03\/cirkadian-ritmus-02.jpg?resize=300%2C200&amp;ssl=1 300w, https:\/\/i0.wp.com\/diakszemmel.hu\/wp-tartalom\/uploads\/2025\/03\/cirkadian-ritmus-02.jpg?resize=1024%2C681&amp;ssl=1 1024w, https:\/\/i0.wp.com\/diakszemmel.hu\/wp-tartalom\/uploads\/2025\/03\/cirkadian-ritmus-02.jpg?resize=768%2C511&amp;ssl=1 768w, https:\/\/i0.wp.com\/diakszemmel.hu\/wp-tartalom\/uploads\/2025\/03\/cirkadian-ritmus-02.jpg?resize=110%2C73&amp;ssl=1 110w, https:\/\/i0.wp.com\/diakszemmel.hu\/wp-tartalom\/uploads\/2025\/03\/cirkadian-ritmus-02.jpg?resize=420%2C279&amp;ssl=1 420w, https:\/\/i0.wp.com\/diakszemmel.hu\/wp-tartalom\/uploads\/2025\/03\/cirkadian-ritmus-02.jpg?resize=647%2C430&amp;ssl=1 647w, https:\/\/i0.wp.com\/diakszemmel.hu\/wp-tartalom\/uploads\/2025\/03\/cirkadian-ritmus-02.jpg?resize=24%2C16&amp;ssl=1 24w, https:\/\/i0.wp.com\/diakszemmel.hu\/wp-tartalom\/uploads\/2025\/03\/cirkadian-ritmus-02.jpg?resize=36%2C24&amp;ssl=1 36w, https:\/\/i0.wp.com\/diakszemmel.hu\/wp-tartalom\/uploads\/2025\/03\/cirkadian-ritmus-02.jpg?resize=48%2C32&amp;ssl=1 48w\" sizes=\"auto, (max-width: 499px) 100vw, 499px\" \/><\/p>\n<h2>Mikor \u00e9rdemes tanulni?<\/h2>\n<p>Az, hogy melyik t\u00edpusba tartozol, meghat\u00e1rozza azt, hogy melyik napszakot \u00e9rdemes v\u00e1lasztanod a tanul\u00e1shoz, melyik lesz sz\u00e1modra a legmegfelel\u0151bb. Amikor az elm\u00e9d term\u00e9szetes \u00e9ber, \u00e9l\u00e9nk \u00e1llapot\u00e1ban van, sokkal k\u00f6nnyebben tudsz odafigyelni a tanul\u00e1sra, hat\u00e9konyabban jegyzed meg, amit kell. Ha viszont a passz\u00edv peri\u00f3dusaidban pr\u00f3b\u00e1lod r\u00e1venni magad a tanul\u00e1sra, akkor sokkal ink\u00e1bb szenved\u00e9s lesz bel\u0151le.<\/p>\n<h3>Reggeli pacsirt\u00e1k: reggel \u00e9s d\u00e9lel\u0151tt tanulj<\/h3>\n<p>Ha kor\u00e1n kelsz \u00e9s frissnek is \u00e9rzed magad, akkor a legjobb id\u0151szak a tanul\u00e1sra sz\u00e1modra a reggeli \u00f3r\u00e1kban van. Ilyenkor a koncentr\u00e1ci\u00f3d \u00e9s a mem\u00f3ri\u00e1d is cs\u00facson van, \u00edgy k\u00f6nnyebb az \u00faj tananyag elsaj\u00e1t\u00edt\u00e1sa. Az eb\u00e9d ut\u00e1ni \u00f3r\u00e1kban, amikor a figyelmed cs\u00f6kkenhet, \u00e9rdemes ink\u00e1bb pihenni vagy k\u00f6nnyebb feladatokat v\u00e9gezni.<\/p>\n<h3>\u00c9jszakai baglyok: d\u00e9lut\u00e1n \u00e9s este tanulj<\/h3>\n<p>Ha nehezen \u00e9bredsz fel reggel, \u00e9s igaz\u00e1n csak d\u00e9lut\u00e1n vagy este \u00e9rzed magad \u00e9bernek, akkor ne k\u00e9nyszer\u00edtsd magad a reggeli tanul\u00e1sra. A d\u00e9lut\u00e1ni \u00f3r\u00e1kban m\u00e1r akt\u00edvabb vagy, \u00e9s este a koncentr\u00e1ci\u00f3d el\u00e9rheti a cs\u00facspontj\u00e1t. \u00dcgyelj azonban arra, hogy lefekv\u00e9s el\u0151tt legal\u00e1bb egy \u00f3r\u00e1val abbahagyd a tanul\u00e1st, hogy legyen ideje az elm\u00e9dnek lelassulni \u00e9s pihentet\u0151en tudj aludni.<\/p>\n<div class=\"banner_wrapper\" style=\"\"><div class=\"banner  banner-2537 bottom vert custom-banners-theme-default_style\" style=\"\"><img loading=\"lazy\" decoding=\"async\" width=\"728\" height=\"90\" src=\"https:\/\/i0.wp.com\/diakszemmel.hu\/wp-tartalom\/uploads\/2018\/10\/Diakmunkat-keresel.gif?fit=728%2C90&amp;ssl=1\" class=\"attachment-full size-full\" alt=\"\" \/><a class=\"custom_banners_big_link\" href=\"https:\/\/multijobisz.hu\/eloleg\" target=\"_blank\" rel=\"noopener\"><\/a><\/div><\/div>\n<h3>Hibrid t\u00edpus: rugalmasan oszd be az id\u0151det<\/h3>\n<p>Ha a teljes\u00edtm\u00e9nyed \u00e1ltal\u00e1ban kiegyens\u00falyozott a nap folyam\u00e1n, akkor \u00e9rdemes a tanul\u00e1si blokkokat \u00fagy elosztani, hogy ne legyenek t\u00fal hossz\u00faak. A reggeli \u00e9s d\u00e9lut\u00e1ni tanul\u00e1si id\u0151szakok egyar\u00e1nt hat\u00e9konyak lehetnek, a k\u00e9s\u0151 esti tanul\u00e1s viszont kev\u00e9sb\u00e9 javasolt.<\/p>\n<p><img data-recalc-dims=\"1\" loading=\"lazy\" decoding=\"async\" class=\" wp-image-7264 aligncenter\" src=\"https:\/\/i0.wp.com\/diakszemmel.hu\/wp-tartalom\/uploads\/2025\/03\/cirkadian-ritmus-03.jpg?resize=499%2C333&#038;ssl=1\" alt=\"cirkadi\u00e1n ritmus a megfelel\u0151 tanul\u00e1si id\u0151pont kiv\u00e1laszt\u00e1sa\" width=\"499\" height=\"333\" srcset=\"https:\/\/i0.wp.com\/diakszemmel.hu\/wp-tartalom\/uploads\/2025\/03\/cirkadian-ritmus-03.jpg?w=1200&amp;ssl=1 1200w, https:\/\/i0.wp.com\/diakszemmel.hu\/wp-tartalom\/uploads\/2025\/03\/cirkadian-ritmus-03.jpg?resize=300%2C200&amp;ssl=1 300w, https:\/\/i0.wp.com\/diakszemmel.hu\/wp-tartalom\/uploads\/2025\/03\/cirkadian-ritmus-03.jpg?resize=1024%2C684&amp;ssl=1 1024w, https:\/\/i0.wp.com\/diakszemmel.hu\/wp-tartalom\/uploads\/2025\/03\/cirkadian-ritmus-03.jpg?resize=768%2C513&amp;ssl=1 768w, https:\/\/i0.wp.com\/diakszemmel.hu\/wp-tartalom\/uploads\/2025\/03\/cirkadian-ritmus-03.jpg?resize=110%2C73&amp;ssl=1 110w, https:\/\/i0.wp.com\/diakszemmel.hu\/wp-tartalom\/uploads\/2025\/03\/cirkadian-ritmus-03.jpg?resize=420%2C280&amp;ssl=1 420w, https:\/\/i0.wp.com\/diakszemmel.hu\/wp-tartalom\/uploads\/2025\/03\/cirkadian-ritmus-03.jpg?resize=644%2C430&amp;ssl=1 644w, https:\/\/i0.wp.com\/diakszemmel.hu\/wp-tartalom\/uploads\/2025\/03\/cirkadian-ritmus-03.jpg?resize=24%2C16&amp;ssl=1 24w, https:\/\/i0.wp.com\/diakszemmel.hu\/wp-tartalom\/uploads\/2025\/03\/cirkadian-ritmus-03.jpg?resize=36%2C24&amp;ssl=1 36w, https:\/\/i0.wp.com\/diakszemmel.hu\/wp-tartalom\/uploads\/2025\/03\/cirkadian-ritmus-03.jpg?resize=48%2C32&amp;ssl=1 48w\" sizes=\"auto, (max-width: 499px) 100vw, 499px\" \/><\/p>\n<h2>Hogyan igaz\u00edtsd a tanul\u00e1sodat a bels\u0151 \u00f3r\u00e1dhoz?<\/h2>\n<ul>\n<li><strong>Figyeld meg a teljes\u00edtm\u00e9nyed<\/strong> \u2013 egy h\u00e9tig k\u00f6vesd \u00e9s jegyezd fel, mikor \u00e9rzed magad a legenergikusabbnak, \u00e9s mikor neh\u00e9z koncentr\u00e1lnod.<\/li>\n<li><strong>Alak\u00edts ki egy rutint<\/strong> \u2013 ha m\u00e1r tudod, mikor vagy a legprodukt\u00edvabb, t\u00f6rekedj arra, hogy ezeket az id\u0151szakokat haszn\u00e1ld tanul\u00e1sra.<\/li>\n<li><strong>Id\u0151z\u00edtsd a nehezebb anyagokat az energikus id\u0151szakokr<\/strong>a \u2013 nem mindig megoldhat\u00f3, hogy kiz\u00e1r\u00f3lag az igaz\u00e1n akt\u00edv id\u0151szakokban tanulj. Seg\u00edts\u00e9g lehet azonban, ha a legnehezebb tananyagokat akkorra id\u0151z\u00edted, amikor a legjobban tudsz \u00f6sszpontos\u00edtani.<\/li>\n<li><strong>Pihenj akt\u00edvan energiazuhan\u00e1s idej\u00e9n<\/strong> \u2013 Ha d\u00e9lut\u00e1n vagy este cs\u00f6kken az energiaszinted, egy kis testmozg\u00e1ssal fel\u00e9l\u00e9nk\u00edtheted magad.<\/li>\n<li><strong>Id\u0151z\u00edtsd az \u00e9tkez\u00e9sed a tanul\u00e1si ritmusodhoz<\/strong> \u2013 az energiaszinted stabiliz\u00e1l\u00e1s\u00e1hoz fogyassz k\u00f6nny\u0171, t\u00e1pl\u00e1l\u00f3 \u00e9teleket a legakt\u00edvabb tanul\u00e1si id\u0151szakok el\u0151tt.<\/li>\n<li><strong>Alak\u00edtsd az alv\u00e1s-\u00e9brenl\u00e9t ciklusod az ig\u00e9nyeid szerint<\/strong> \u2013 a cirkadi\u00e1n ritmusunk id\u0151vel v\u00e1ltozik, de mi is tudjuk tudatosan alak\u00edtani. Ha p\u00e9ld\u00e1ul szeretn\u00e9d el\u0151bbre hozni az \u00e9ber id\u0151szakod, intenz\u00edv d\u00e9lut\u00e1ni sportgyakorlatokkal &#8222;f\u00e1raszthatod&#8221; magad, hogy k\u00f6nnyebben \u00e9s kor\u00e1bban el tudj aludni este<\/li>\n<\/ul>\n<p>A tanul\u00e1s hat\u00e9konys\u00e1ga nagyban m\u00falik azon, hogy a saj\u00e1t bioritmusodhoz igaz\u00edtod-e a tanul\u00e1si id\u0151szakokat. Amikor a leg\u00e9berebb vagy \u00e9s a legjobban tudsz \u00f6sszpontos\u00edtani, akkor tudod a legk\u00f6nnyebben megtanulni a neh\u00e9z, bonyolult tananyagokat. Ha igazodsz a saj\u00e1t cirkadi\u00e1n ritmusodhoz, sokkal k\u00f6nnyebben \u00e9s gyorsabban tanulhatsz. Figyeld meg a saj\u00e1t biol\u00f3giai \u00f3r\u00e1d m\u0171k\u00f6d\u00e9s\u00e9t, \u00e9s alak\u00edtsd a tanul\u00e1si id\u0151det \u00fagy, hogy maxim\u00e1lisan kiakn\u00e1zd a term\u00e9szetes energiacs\u00facsokat!<\/p>\n\n<!-- Facebook Like Button v1.9.6 BEGIN [http:\/\/blog.bottomlessinc.com] -->\n<iframe src=\"http:\/\/www.facebook.com\/plugins\/like.php?href=https%3A%2F%2Fdiakszemmel.hu%2Findex.php%2F2025%2F03%2Fbagoly-vagy-pacsirta-ne-tanulj-rosszkor-hasznald-ki-a-belso-oradat%2F&amp;layout=standard&amp;show_faces=false&amp;width=450&amp;action=like&amp;colorscheme=light\" scrolling=\"no\" frameborder=\"0\" allowTransparency=\"true\" style=\"border:none; overflow:hidden; width:450px; height: 30px; align: left; margin: 2px 0px 2px 0px\"><\/iframe>\n<!-- Facebook Like Button END -->\n","protected":false},"excerpt":{"rendered":"<p>Mindenkinek m\u00e1s a bels\u0151 \u00f3r\u00e1ja, \u00e9s ez nagyban befoly\u00e1solja a tanul\u00e1si hat\u00e9konys\u00e1got is. A cirkadi\u00e1n ritmusod \u2013 vagyis a term\u00e9szetes alv\u00e1s-\u00e9brenl\u00e9t ciklusod \u2013 meghat\u00e1rozza, mikor vagy a legenergikusabb, legkoncentr\u00e1ltabb, \u00e9s nem \u00e9rdemes a tanul\u00e1ssal pr\u00f3b\u00e1lkoznod. Ha meg\u00e9rted a saj\u00e1t biol\u00f3giai ritmusodat, k\u00f6nnyebben alak\u00edthatsz ki olyan tanul\u00e1si rutint, ami sokkal hat\u00e9konyabb lesz. N\u00e9zz\u00fck meg, hogyan \u00e1ll\u00edthatod [&hellip;]<\/p>\n","protected":false},"author":2,"featured_media":7262,"comment_status":"closed","ping_status":"open","sticky":false,"template":"","format":"standard","meta":{"_jetpack_memberships_contains_paid_content":false,"footnotes":""},"categories":[4],"tags":[175,951],"class_list":["post-7261","post","type-post","status-publish","format-standard","has-post-thumbnail","hentry","category-suli_tippek","tag-tanulas","tag-vizsgaidpszak"],"jetpack_featured_media_url":"https:\/\/i0.wp.com\/diakszemmel.hu\/wp-tartalom\/uploads\/2025\/03\/cirkadian-ritmus-01.jpg?fit=1200%2C800&ssl=1","jetpack_shortlink":"https:\/\/wp.me\/p7SAqx-1T7","jetpack_sharing_enabled":true,"_links":{"self":[{"href":"https:\/\/diakszemmel.hu\/index.php\/wp-json\/wp\/v2\/posts\/7261","targetHints":{"allow":["GET"]}}],"collection":[{"href":"https:\/\/diakszemmel.hu\/index.php\/wp-json\/wp\/v2\/posts"}],"about":[{"href":"https:\/\/diakszemmel.hu\/index.php\/wp-json\/wp\/v2\/types\/post"}],"author":[{"embeddable":true,"href":"https:\/\/diakszemmel.hu\/index.php\/wp-json\/wp\/v2\/users\/2"}],"replies":[{"embeddable":true,"href":"https:\/\/diakszemmel.hu\/index.php\/wp-json\/wp\/v2\/comments?post=7261"}],"version-history":[{"count":2,"href":"https:\/\/diakszemmel.hu\/index.php\/wp-json\/wp\/v2\/posts\/7261\/revisions"}],"predecessor-version":[{"id":7266,"href":"https:\/\/diakszemmel.hu\/index.php\/wp-json\/wp\/v2\/posts\/7261\/revisions\/7266"}],"wp:featuredmedia":[{"embeddable":true,"href":"https:\/\/diakszemmel.hu\/index.php\/wp-json\/wp\/v2\/media\/7262"}],"wp:attachment":[{"href":"https:\/\/diakszemmel.hu\/index.php\/wp-json\/wp\/v2\/media?parent=7261"}],"wp:term":[{"taxonomy":"category","embeddable":true,"href":"https:\/\/diakszemmel.hu\/index.php\/wp-json\/wp\/v2\/categories?post=7261"},{"taxonomy":"post_tag","embeddable":true,"href":"https:\/\/diakszemmel.hu\/index.php\/wp-json\/wp\/v2\/tags?post=7261"}],"curies":[{"name":"wp","href":"https:\/\/api.w.org\/{rel}","templated":true}]}}