{"id":7462,"date":"2025-06-10T09:37:45","date_gmt":"2025-06-10T07:37:45","guid":{"rendered":"https:\/\/diakszemmel.hu\/?p=7462"},"modified":"2025-06-10T09:37:45","modified_gmt":"2025-06-10T07:37:45","slug":"onkenteskedes-egyetemistakent-miert-eri-meg-es-hogyan-kezdj-bele","status":"publish","type":"post","link":"https:\/\/diakszemmel.hu\/index.php\/2025\/06\/onkenteskedes-egyetemistakent-miert-eri-meg-es-hogyan-kezdj-bele\/","title":{"rendered":"\u00d6nk\u00e9ntesked\u00e9s egyetemistak\u00e9nt: mi\u00e9rt \u00e9ri meg, \u00e9s hogyan kezdj bele?"},"content":{"rendered":"\n<!-- Facebook Like Button v1.9.6 BEGIN [http:\/\/blog.bottomlessinc.com] -->\n<iframe src=\"http:\/\/www.facebook.com\/plugins\/like.php?href=https%3A%2F%2Fdiakszemmel.hu%2Findex.php%2F2025%2F06%2Fonkenteskedes-egyetemistakent-miert-eri-meg-es-hogyan-kezdj-bele%2F&amp;layout=standard&amp;show_faces=false&amp;width=450&amp;action=like&amp;colorscheme=light\" scrolling=\"no\" frameborder=\"0\" allowTransparency=\"true\" style=\"border:none; overflow:hidden; width:450px; height: 30px; align: left; margin: 2px 0px 2px 0px\"><\/iframe>\n<!-- Facebook Like Button END -->\n<p><strong>Az egyetemi \u00e9vek alatt sz\u00e1mos k\u00fcl\u00f6nb\u00f6z\u0151 m\u00f3don pr\u00f3b\u00e1lhatod ki magad \u00faj helyzetekben. Ez seg\u00edt, hogy megtal\u00e1lod, mi \u00e9rdekel igaz\u00e1n, \u00e9s elkezdhetsz hat\u00e1ssal lenni a vil\u00e1gra. Az \u00f6nk\u00e9ntesked\u00e9s t\u00f6k\u00e9letes lehet\u0151s\u00e9g minderre \u2013 r\u00e1ad\u00e1sul a CV-d is h\u00e1l\u00e1s lesz \u00e9rte. De mi\u00e9rt is \u00e9ri meg igaz\u00e1n, \u00e9s hogyan v\u00e1gj bele? Mutatjuk!<\/strong><!--more--><\/p>\n<h2><img data-recalc-dims=\"1\" loading=\"lazy\" decoding=\"async\" class=\" wp-image-7463 aligncenter\" src=\"https:\/\/i0.wp.com\/diakszemmel.hu\/wp-tartalom\/uploads\/2025\/06\/onkenteskedes-01.jpg?resize=500%2C333&#038;ssl=1\" alt=\"\u00f6nk\u00e9ntesked\u00e9s\" width=\"500\" height=\"333\" srcset=\"https:\/\/i0.wp.com\/diakszemmel.hu\/wp-tartalom\/uploads\/2025\/06\/onkenteskedes-01.jpg?w=1200&amp;ssl=1 1200w, https:\/\/i0.wp.com\/diakszemmel.hu\/wp-tartalom\/uploads\/2025\/06\/onkenteskedes-01.jpg?resize=300%2C200&amp;ssl=1 300w, https:\/\/i0.wp.com\/diakszemmel.hu\/wp-tartalom\/uploads\/2025\/06\/onkenteskedes-01.jpg?resize=1024%2C683&amp;ssl=1 1024w, https:\/\/i0.wp.com\/diakszemmel.hu\/wp-tartalom\/uploads\/2025\/06\/onkenteskedes-01.jpg?resize=768%2C512&amp;ssl=1 768w, https:\/\/i0.wp.com\/diakszemmel.hu\/wp-tartalom\/uploads\/2025\/06\/onkenteskedes-01.jpg?resize=110%2C73&amp;ssl=1 110w, https:\/\/i0.wp.com\/diakszemmel.hu\/wp-tartalom\/uploads\/2025\/06\/onkenteskedes-01.jpg?resize=420%2C280&amp;ssl=1 420w, https:\/\/i0.wp.com\/diakszemmel.hu\/wp-tartalom\/uploads\/2025\/06\/onkenteskedes-01.jpg?resize=645%2C430&amp;ssl=1 645w, https:\/\/i0.wp.com\/diakszemmel.hu\/wp-tartalom\/uploads\/2025\/06\/onkenteskedes-01.jpg?resize=24%2C16&amp;ssl=1 24w, https:\/\/i0.wp.com\/diakszemmel.hu\/wp-tartalom\/uploads\/2025\/06\/onkenteskedes-01.jpg?resize=36%2C24&amp;ssl=1 36w, https:\/\/i0.wp.com\/diakszemmel.hu\/wp-tartalom\/uploads\/2025\/06\/onkenteskedes-01.jpg?resize=48%2C32&amp;ssl=1 48w\" sizes=\"auto, (max-width: 500px) 100vw, 500px\" \/><\/h2>\n<h2>Mi\u00e9rt \u00e9ri meg \u00f6nk\u00e9nteskedni egyetemistak\u00e9nt?<\/h2>\n<p><strong>Val\u00f3di tapasztalat, val\u00f3di \u00fcgyekben<\/strong><\/p>\n<p>Az egyetem ut\u00e1n p\u00e1lyakezd\u0151k\u00e9nt nekiv\u00e1gni a munkaer\u0151piacnak tapasztalat n\u00e9lk\u00fcl nem k\u00f6nny\u0171. Az \u00f6nk\u00e9ntesked\u00e9s sor\u00e1n val\u00f3s feladatokat v\u00e1llalsz \u2013 ak\u00e1r szervez\u00e9s, kommunik\u00e1ci\u00f3, ford\u00edt\u00e1s, adom\u00e1nygy\u0171jt\u00e9s vagy digit\u00e1lis tartalomk\u00e9sz\u00edt\u00e9s ter\u00e9n \u2013, amiket nyugodtan bele\u00edrhatsz az \u00f6n\u00e9letrajzodba.<\/p>\n<p><strong>\u00daj k\u00e9szs\u00e9gek, amiket a suliban nem tan\u00edtanak<\/strong><\/p>\n<p>Csapatmunka, id\u0151menedzsment, emp\u00e1tia, projektvezet\u00e9s \u2013 ezek mind olyan k\u00e9szs\u00e9gek, amik az \u00e9let b\u00e1rmely ter\u00fclet\u00e9n hasznodra v\u00e1lnak. R\u00e1ad\u00e1sul egyre t\u00f6bb c\u00e9g keresi a \u201esoft skilleket\u201d a diplom\u00e1n t\u00fal.<\/p>\n<div class=\"banner_wrapper\" style=\"\"><div class=\"banner  banner-2537 bottom vert custom-banners-theme-default_style\" style=\"\"><img loading=\"lazy\" decoding=\"async\" width=\"728\" height=\"90\" src=\"https:\/\/i0.wp.com\/diakszemmel.hu\/wp-tartalom\/uploads\/2018\/10\/Diakmunkat-keresel.gif?fit=728%2C90&amp;ssl=1\" class=\"attachment-full size-full\" alt=\"\" \/><a class=\"custom_banners_big_link\" href=\"https:\/\/multijobisz.hu\/eloleg\" target=\"_blank\" rel=\"noopener\"><\/a><\/div><\/div>\n<p><strong>Kapcsolati h\u00e1l\u00f3 \u00e9p\u00edt\u00e9se<\/strong><\/p>\n<p>Az \u00f6nk\u00e9ntes k\u00f6z\u00f6ss\u00e9gekben hozz\u00e1d hasonl\u00f3, elhivatott emberekkel tal\u00e1lkozhatsz \u2013 lehet, hogy a k\u00f6vetkez\u0151 munkahelyedet is \u00e9pp egy ilyen kapcsolat seg\u00edti el\u0151.<\/p>\n<p><strong>Lelki felt\u00f6lt\u0151d\u00e9s<\/strong><\/p>\n<p>J\u00f3 \u00e9rz\u00e9s j\u00f3t tenni. Az \u00f6nk\u00e9ntesked\u00e9s seg\u00edt kikapcsolni a mindennapi stresszb\u0151l, \u00e9s \u00fagy \u00e9rezheted, hogy sz\u00e1m\u00edt, amit csin\u00e1lsz. Ez \u00f6nbizalmat ad, \u00e9s felt\u00f6lt.<\/p>\n<p><img data-recalc-dims=\"1\" loading=\"lazy\" decoding=\"async\" class=\" wp-image-7464 aligncenter\" src=\"https:\/\/i0.wp.com\/diakszemmel.hu\/wp-tartalom\/uploads\/2025\/06\/onkenteskedes-02.jpg?resize=500%2C333&#038;ssl=1\" alt=\"\u00f6nk\u00e9ntesked\u00e9s\" width=\"500\" height=\"333\" srcset=\"https:\/\/i0.wp.com\/diakszemmel.hu\/wp-tartalom\/uploads\/2025\/06\/onkenteskedes-02.jpg?w=1200&amp;ssl=1 1200w, https:\/\/i0.wp.com\/diakszemmel.hu\/wp-tartalom\/uploads\/2025\/06\/onkenteskedes-02.jpg?resize=300%2C200&amp;ssl=1 300w, https:\/\/i0.wp.com\/diakszemmel.hu\/wp-tartalom\/uploads\/2025\/06\/onkenteskedes-02.jpg?resize=1024%2C683&amp;ssl=1 1024w, https:\/\/i0.wp.com\/diakszemmel.hu\/wp-tartalom\/uploads\/2025\/06\/onkenteskedes-02.jpg?resize=768%2C512&amp;ssl=1 768w, https:\/\/i0.wp.com\/diakszemmel.hu\/wp-tartalom\/uploads\/2025\/06\/onkenteskedes-02.jpg?resize=110%2C73&amp;ssl=1 110w, https:\/\/i0.wp.com\/diakszemmel.hu\/wp-tartalom\/uploads\/2025\/06\/onkenteskedes-02.jpg?resize=420%2C280&amp;ssl=1 420w, https:\/\/i0.wp.com\/diakszemmel.hu\/wp-tartalom\/uploads\/2025\/06\/onkenteskedes-02.jpg?resize=645%2C430&amp;ssl=1 645w, https:\/\/i0.wp.com\/diakszemmel.hu\/wp-tartalom\/uploads\/2025\/06\/onkenteskedes-02.jpg?resize=24%2C16&amp;ssl=1 24w, https:\/\/i0.wp.com\/diakszemmel.hu\/wp-tartalom\/uploads\/2025\/06\/onkenteskedes-02.jpg?resize=36%2C24&amp;ssl=1 36w, https:\/\/i0.wp.com\/diakszemmel.hu\/wp-tartalom\/uploads\/2025\/06\/onkenteskedes-02.jpg?resize=48%2C32&amp;ssl=1 48w\" sizes=\"auto, (max-width: 500px) 100vw, 500px\" \/><\/p>\n<h2>Hogyan kezdj bele?<\/h2>\n<p><strong>1. Gondold v\u00e9gig, mi \u00e9rdekel<\/strong><\/p>\n<p>Gyerekekkel dolgozn\u00e1l? K\u00f6rnyezetv\u00e9delemben seg\u00edten\u00e9l? Kultur\u00e1lis programokat szervezn\u00e9l? Vagy sz\u00edvesen ford\u00edtan\u00e1l cikkeket egy nonprofit oldalnak? Indulj ki abb\u00f3l, mi \u00e1ll hozz\u00e1d k\u00f6zel.<\/p>\n<p><strong>2. N\u00e9zd meg a lehet\u0151s\u00e9geket \u2013 online \u00e9s helyi szinten is<\/strong><\/p>\n<p>Helyi lehet\u0151s\u00e9gek:<\/p>\n<ul>\n<li>Egyes\u00fcletek \u00e9s alap\u00edtv\u00e1nyok<\/li>\n<li>Kultur\u00e1lis \u00e9s k\u00f6z\u00f6ss\u00e9gi h\u00e1zak<\/li>\n<li>Iskol\u00e1k, k\u00f6nyvt\u00e1rak, id\u0151sek otthona<\/li>\n<li>Egyetemi \u00f6nk\u00e9ntes programok, szakkoll\u00e9giumok<\/li>\n<\/ul>\n<p><strong>Online lehet\u0151s\u00e9gek:<\/strong><\/p>\n<ul>\n<li>Ford\u00edt\u00e1s, szerkeszt\u00e9s, grafikai munk\u00e1k nonprofit szervezeteknek<\/li>\n<li>Mentor\u00e1l\u00e1s, online tan\u00edt\u00e1s (pl. h\u00e1tr\u00e1nyos helyzet\u0171 di\u00e1koknak)<\/li>\n<\/ul>\n<p><strong>3. Kezdd kicsiben<\/strong><\/p>\n<p>Nem kell r\u00f6gt\u00f6n heti 20 \u00f3r\u00e1t v\u00e1llalni. Pr\u00f3b\u00e1lj ki el\u0151sz\u00f6r egyszeri alkalmi lehet\u0151s\u00e9geket \u2013 p\u00e9ld\u00e1ul r\u00e9szt veszel egy adom\u00e1nygy\u0171jt\u0151 esem\u00e9nyen vagy seg\u00edtesz egy rendezv\u00e9ny lebonyol\u00edt\u00e1s\u00e1ban.<\/p>\n<p><strong>4. L\u00e9gy nyitott \u00e9s \u0151szinte<\/strong><\/p>\n<p>Mondd el, mennyi id\u0151t tudsz v\u00e1llalni, miben vagy j\u00f3, \u00e9s mire szeretn\u00e9l fejl\u0151dni. Az \u00f6nk\u00e9ntes szervezetek \u00f6r\u00fclnek az \u00faj embereknek \u2013 f\u0151leg azoknak, akik lelkesek \u00e9s megb\u00edzhat\u00f3ak.<\/p>\n<p>Ha m\u00e1r egy ideje gondolkodsz rajta, v\u00e1gj bele most! Lehet, hogy ez lesz az egyik legmeghat\u00e1roz\u00f3bb \u00e9lm\u00e9nyed, t\u00f6bbet tudhatsz meg magadr\u00f3l, \u00e9s akkor elhivatotts\u00e1got is tal\u00e1lhatsz.<\/p>\n<p><strong>Tipp:<\/strong> \u00cdrj egy list\u00e1t 3 dologr\u00f3l, amit sz\u00edvesen kipr\u00f3b\u00e1ln\u00e1l \u2013 \u00e9s keress r\u00e1 ma este, hol van r\u00e1 lehet\u0151s\u00e9g!<\/p>\n\n<!-- Facebook Like Button v1.9.6 BEGIN [http:\/\/blog.bottomlessinc.com] -->\n<iframe src=\"http:\/\/www.facebook.com\/plugins\/like.php?href=https%3A%2F%2Fdiakszemmel.hu%2Findex.php%2F2025%2F06%2Fonkenteskedes-egyetemistakent-miert-eri-meg-es-hogyan-kezdj-bele%2F&amp;layout=standard&amp;show_faces=false&amp;width=450&amp;action=like&amp;colorscheme=light\" scrolling=\"no\" frameborder=\"0\" allowTransparency=\"true\" style=\"border:none; overflow:hidden; width:450px; height: 30px; align: left; margin: 2px 0px 2px 0px\"><\/iframe>\n<!-- Facebook Like Button END -->\n","protected":false},"excerpt":{"rendered":"<p>Az egyetemi \u00e9vek alatt sz\u00e1mos k\u00fcl\u00f6nb\u00f6z\u0151 m\u00f3don pr\u00f3b\u00e1lhatod ki magad \u00faj helyzetekben. Ez seg\u00edt, hogy megtal\u00e1lod, mi \u00e9rdekel igaz\u00e1n, \u00e9s elkezdhetsz hat\u00e1ssal lenni a vil\u00e1gra. Az \u00f6nk\u00e9ntesked\u00e9s t\u00f6k\u00e9letes lehet\u0151s\u00e9g minderre \u2013 r\u00e1ad\u00e1sul a CV-d is h\u00e1l\u00e1s lesz \u00e9rte. De mi\u00e9rt is \u00e9ri meg igaz\u00e1n, \u00e9s hogyan v\u00e1gj bele? Mutatjuk!<\/p>\n","protected":false},"author":2,"featured_media":7463,"comment_status":"closed","ping_status":"open","sticky":false,"template":"","format":"standard","meta":{"_jetpack_memberships_contains_paid_content":false,"footnotes":""},"categories":[537],"tags":[943],"class_list":["post-7462","post","type-post","status-publish","format-standard","has-post-thumbnail","hentry","category-gondolkodos","tag-onkentesseg"],"jetpack_featured_media_url":"https:\/\/i0.wp.com\/diakszemmel.hu\/wp-tartalom\/uploads\/2025\/06\/onkenteskedes-01.jpg?fit=1200%2C800&ssl=1","jetpack_shortlink":"https:\/\/wp.me\/p7SAqx-1Wm","jetpack_sharing_enabled":true,"_links":{"self":[{"href":"https:\/\/diakszemmel.hu\/index.php\/wp-json\/wp\/v2\/posts\/7462","targetHints":{"allow":["GET"]}}],"collection":[{"href":"https:\/\/diakszemmel.hu\/index.php\/wp-json\/wp\/v2\/posts"}],"about":[{"href":"https:\/\/diakszemmel.hu\/index.php\/wp-json\/wp\/v2\/types\/post"}],"author":[{"embeddable":true,"href":"https:\/\/diakszemmel.hu\/index.php\/wp-json\/wp\/v2\/users\/2"}],"replies":[{"embeddable":true,"href":"https:\/\/diakszemmel.hu\/index.php\/wp-json\/wp\/v2\/comments?post=7462"}],"version-history":[{"count":2,"href":"https:\/\/diakszemmel.hu\/index.php\/wp-json\/wp\/v2\/posts\/7462\/revisions"}],"predecessor-version":[{"id":7466,"href":"https:\/\/diakszemmel.hu\/index.php\/wp-json\/wp\/v2\/posts\/7462\/revisions\/7466"}],"wp:featuredmedia":[{"embeddable":true,"href":"https:\/\/diakszemmel.hu\/index.php\/wp-json\/wp\/v2\/media\/7463"}],"wp:attachment":[{"href":"https:\/\/diakszemmel.hu\/index.php\/wp-json\/wp\/v2\/media?parent=7462"}],"wp:term":[{"taxonomy":"category","embeddable":true,"href":"https:\/\/diakszemmel.hu\/index.php\/wp-json\/wp\/v2\/categories?post=7462"},{"taxonomy":"post_tag","embeddable":true,"href":"https:\/\/diakszemmel.hu\/index.php\/wp-json\/wp\/v2\/tags?post=7462"}],"curies":[{"name":"wp","href":"https:\/\/api.w.org\/{rel}","templated":true}]}}