{"id":7523,"date":"2025-07-17T08:55:40","date_gmt":"2025-07-17T06:55:40","guid":{"rendered":"https:\/\/diakszemmel.hu\/?p=7523"},"modified":"2025-07-17T08:55:40","modified_gmt":"2025-07-17T06:55:40","slug":"erzelmi-erettseg-hogyan-fejlodhetsz-onismeretben-a-tanulason-tul","status":"publish","type":"post","link":"https:\/\/diakszemmel.hu\/index.php\/2025\/07\/erzelmi-erettseg-hogyan-fejlodhetsz-onismeretben-a-tanulason-tul\/","title":{"rendered":"\u00c9rzelmi \u00e9retts\u00e9g: hogyan fejl\u0151dhetsz \u00f6nismeretben a tanul\u00e1son t\u00fal?"},"content":{"rendered":"\n<!-- Facebook Like Button v1.9.6 BEGIN [http:\/\/blog.bottomlessinc.com] -->\n<iframe src=\"http:\/\/www.facebook.com\/plugins\/like.php?href=https%3A%2F%2Fdiakszemmel.hu%2Findex.php%2F2025%2F07%2Ferzelmi-erettseg-hogyan-fejlodhetsz-onismeretben-a-tanulason-tul%2F&amp;layout=standard&amp;show_faces=false&amp;width=450&amp;action=like&amp;colorscheme=light\" scrolling=\"no\" frameborder=\"0\" allowTransparency=\"true\" style=\"border:none; overflow:hidden; width:450px; height: 30px; align: left; margin: 2px 0px 2px 0px\"><\/iframe>\n<!-- Facebook Like Button END -->\n<p><strong>\u201eOk\u00e9, hogy megszerezem ezt a diplom\u00e1t, de k\u00f6zben ki vagyok \u00e9n?\u201d<\/strong><br \/>\n<strong>Ez a k\u00e9rd\u00e9s nem szerepel az egyetemi tanrendben, pedig tal\u00e1n fontosabb, mint b\u00e1rmelyik vizsga. Az egyetemen sok mindenr\u0151l tanulunk, de arr\u00f3l nem, hogyan ismerj\u00fck meg \u00f6nmagunkat. Pedig az \u00e9rzelmi \u00e9retts\u00e9g legal\u00e1bb annyira meghat\u00e1rozza a j\u00f6v\u0151det, mint egy diplomamunka.<\/strong><!--more--><\/p>\n<h2><img data-recalc-dims=\"1\" loading=\"lazy\" decoding=\"async\" class=\" wp-image-7524 aligncenter\" src=\"https:\/\/i0.wp.com\/diakszemmel.hu\/wp-tartalom\/uploads\/2025\/07\/erzelmi-erettseg-01.jpg?resize=500%2C333&#038;ssl=1\" alt=\"\u00c9rzelmi \u00e9retts\u00e9g: hogyan fejl\u0151dhetsz \u00f6nismeretben a tanul\u00e1son t\u00fal?\" width=\"500\" height=\"333\" srcset=\"https:\/\/i0.wp.com\/diakszemmel.hu\/wp-tartalom\/uploads\/2025\/07\/erzelmi-erettseg-01.jpg?w=1200&amp;ssl=1 1200w, https:\/\/i0.wp.com\/diakszemmel.hu\/wp-tartalom\/uploads\/2025\/07\/erzelmi-erettseg-01.jpg?resize=300%2C200&amp;ssl=1 300w, https:\/\/i0.wp.com\/diakszemmel.hu\/wp-tartalom\/uploads\/2025\/07\/erzelmi-erettseg-01.jpg?resize=1024%2C683&amp;ssl=1 1024w, https:\/\/i0.wp.com\/diakszemmel.hu\/wp-tartalom\/uploads\/2025\/07\/erzelmi-erettseg-01.jpg?resize=768%2C512&amp;ssl=1 768w, https:\/\/i0.wp.com\/diakszemmel.hu\/wp-tartalom\/uploads\/2025\/07\/erzelmi-erettseg-01.jpg?resize=110%2C73&amp;ssl=1 110w, https:\/\/i0.wp.com\/diakszemmel.hu\/wp-tartalom\/uploads\/2025\/07\/erzelmi-erettseg-01.jpg?resize=420%2C280&amp;ssl=1 420w, https:\/\/i0.wp.com\/diakszemmel.hu\/wp-tartalom\/uploads\/2025\/07\/erzelmi-erettseg-01.jpg?resize=645%2C430&amp;ssl=1 645w, https:\/\/i0.wp.com\/diakszemmel.hu\/wp-tartalom\/uploads\/2025\/07\/erzelmi-erettseg-01.jpg?resize=24%2C16&amp;ssl=1 24w, https:\/\/i0.wp.com\/diakszemmel.hu\/wp-tartalom\/uploads\/2025\/07\/erzelmi-erettseg-01.jpg?resize=36%2C24&amp;ssl=1 36w, https:\/\/i0.wp.com\/diakszemmel.hu\/wp-tartalom\/uploads\/2025\/07\/erzelmi-erettseg-01.jpg?resize=48%2C32&amp;ssl=1 48w\" sizes=\"auto, (max-width: 500px) 100vw, 500px\" \/><\/h2>\n<h2>Az \u00f6nreflexi\u00f3 szerepe a lelki eg\u00e9szs\u00e9gben \u00e9s d\u00f6nt\u00e9shozatalban<\/h2>\n<p>A mi gener\u00e1ci\u00f3nk egyszerre van t\u00falterhelve inform\u00e1ci\u00f3val \u00e9s lehet\u0151s\u00e9gekkel. Folyamatosan d\u00f6nt\u00e9seket kell hoznunk: milyen szakir\u00e1nyt v\u00e1lasszak? Mihez kezdjek, ha v\u00e9geztem? Maradjak ebben a kapcsolatban? Pr\u00f3b\u00e1ljam meg \u00fajra vagy engedjem el?<\/p>\n<p>Ezekre a k\u00e9rd\u00e9sekre nem lehet k\u00fcls\u0151 v\u00e1laszokat keresni, bel\u00fcl kell \u0151ket megtal\u00e1lni. Ehhez viszont elengedhetetlen az \u00f6nreflexi\u00f3, vagyis az a k\u00e9pess\u00e9g, hogy felismerj\u00fck, mit \u00e9rz\u00fcnk, mi\u00e9rt \u00fagy reag\u00e1lunk valamire, mik a hat\u00e1raink, \u00e9s mit\u0151l \u00e9rezz\u00fck magunkat val\u00f3ban j\u00f3l.<\/p>\n<div class=\"banner_wrapper\" style=\"\"><div class=\"banner  banner-2544 bottom vert custom-banners-theme-default_style\" style=\"\"><img loading=\"lazy\" decoding=\"async\" width=\"728\" height=\"90\" src=\"https:\/\/i0.wp.com\/diakszemmel.hu\/wp-tartalom\/uploads\/2018\/10\/Diakmunkat-keresel-1.gif?fit=728%2C90&amp;ssl=1\" class=\"attachment-full size-full\" alt=\"\" \/><a class=\"custom_banners_big_link\" href=\"https:\/\/www.multijobisz.hu\/munkak\/?search_counties=&amp;filter_job_categories=44&amp;filter_job_type=&amp;utm_source=diakszemmel&amp;utm_campaign=kavezodiakszemmel\" target=\"_blank\" rel=\"noopener\"><\/a><\/div><\/div>\n<h2>Mit jelent val\u00f3j\u00e1ban az \u00e9rzelmi \u00e9retts\u00e9g?<\/h2>\n<p>Az \u00e9rzelmi \u00e9retts\u00e9g azt jelenti, hogy tudod, mit kezdj az olyan \u00e9rz\u00e9sekkel, amikor szomor\u00fa, bizonytalan vagy d\u00fch\u00f6s vagy. N\u00e9h\u00e1ny jele annak, hogy j\u00f3 \u00faton j\u00e1rsz:<\/p>\n<ul>\n<li>Ha reag\u00e1lt\u00e1l valahogy egy helyzetben, ut\u00f3lag gondolkodsz a reakci\u00f3idon.<\/li>\n<li>K\u00e9pes vagy nemet mondani, ha valami nem szolg\u00e1l t\u00e9ged.<\/li>\n<li>Meg tudod fogalmazni az \u00e9rz\u00e9seidet.<\/li>\n<li>Nem m\u00e1sokhoz m\u00e9red magad, a teljes\u00edtm\u00e9nyed, hanem saj\u00e1t bels\u0151 m\u00e9rc\u00e9dhez.<\/li>\n<\/ul>\n<p>\u00c9s ami fontos: ezek nem velesz\u00fcletett adotts\u00e1gok, hanem tanulhat\u00f3 k\u00e9szs\u00e9gek.<\/p>\n<p><img data-recalc-dims=\"1\" loading=\"lazy\" decoding=\"async\" class=\" wp-image-7525 aligncenter\" src=\"https:\/\/i0.wp.com\/diakszemmel.hu\/wp-tartalom\/uploads\/2025\/07\/erzelmi-erettseg-02.jpg?resize=500%2C332&#038;ssl=1\" alt=\"\u00c9rzelmi \u00e9retts\u00e9g: hogyan fejl\u0151dhetsz \u00f6nismeretben a tanul\u00e1son t\u00fal?\" width=\"500\" height=\"332\" srcset=\"https:\/\/i0.wp.com\/diakszemmel.hu\/wp-tartalom\/uploads\/2025\/07\/erzelmi-erettseg-02.jpg?w=1200&amp;ssl=1 1200w, https:\/\/i0.wp.com\/diakszemmel.hu\/wp-tartalom\/uploads\/2025\/07\/erzelmi-erettseg-02.jpg?resize=300%2C199&amp;ssl=1 300w, https:\/\/i0.wp.com\/diakszemmel.hu\/wp-tartalom\/uploads\/2025\/07\/erzelmi-erettseg-02.jpg?resize=1024%2C680&amp;ssl=1 1024w, https:\/\/i0.wp.com\/diakszemmel.hu\/wp-tartalom\/uploads\/2025\/07\/erzelmi-erettseg-02.jpg?resize=768%2C510&amp;ssl=1 768w, https:\/\/i0.wp.com\/diakszemmel.hu\/wp-tartalom\/uploads\/2025\/07\/erzelmi-erettseg-02.jpg?resize=110%2C73&amp;ssl=1 110w, https:\/\/i0.wp.com\/diakszemmel.hu\/wp-tartalom\/uploads\/2025\/07\/erzelmi-erettseg-02.jpg?resize=420%2C279&amp;ssl=1 420w, https:\/\/i0.wp.com\/diakszemmel.hu\/wp-tartalom\/uploads\/2025\/07\/erzelmi-erettseg-02.jpg?resize=647%2C430&amp;ssl=1 647w, https:\/\/i0.wp.com\/diakszemmel.hu\/wp-tartalom\/uploads\/2025\/07\/erzelmi-erettseg-02.jpg?resize=24%2C16&amp;ssl=1 24w, https:\/\/i0.wp.com\/diakszemmel.hu\/wp-tartalom\/uploads\/2025\/07\/erzelmi-erettseg-02.jpg?resize=36%2C24&amp;ssl=1 36w, https:\/\/i0.wp.com\/diakszemmel.hu\/wp-tartalom\/uploads\/2025\/07\/erzelmi-erettseg-02.jpg?resize=48%2C32&amp;ssl=1 48w\" sizes=\"auto, (max-width: 500px) 100vw, 500px\" \/><\/p>\n<h2>Hogyan fejl\u0151dhetsz \u00f6nismeretben?<\/h2>\n<h3>1. Figyelj magadra<\/h3>\n<p>Elemezd a saj\u00e1t viselked\u00e9sed, reakci\u00f3id. K\u00e9rdezd meg magadt\u00f3l: \u201eMi\u00e9rt \u00e9reztem ma ezt?\u201d, \u201eMi\u00e9rt v\u00e1ltott ki bel\u0151lem ez a helyzet ekkora fesz\u00fclts\u00e9get?\u201d. Egy napl\u00f3, jegyzetapp vagy csak p\u00e1r perc csendben gondolkod\u00e1s sokat seg\u00edthet abban, hogy meg\u00e9rtsd a veled t\u00f6rt\u00e9n\u0151 dolgokat, ne csak elszenvedd \u0151ket.<\/p>\n<h3>2. \u00c9rtsd meg, mi ir\u00e1ny\u00edt: az elv\u00e1r\u00e1s vagy a bels\u0151 motiv\u00e1ci\u00f3?<\/h3>\n<p>A rengeteg k\u00fcls\u0151 inger k\u00f6z\u00f6tt &#8211; karrier-elv\u00e1r\u00e1sok, k\u00f6z\u00f6ss\u00e9gi m\u00e9dia, sz\u00fcl\u0151i vagy t\u00e1rsadalmi nyom\u00e1s &#8211; fontos, hogy id\u0151nk\u00e9nt r\u00e1sz\u00e1nd az id\u0151t \u00e9s gondold v\u00e9gig: amit most csin\u00e1lsz, azt magad\u00e9rt csin\u00e1lod, vagy m\u00e1sok miatt?<\/p>\n<p>Ha megtanulsz k\u00fcl\u00f6nbs\u00e9get tenni a megfelel\u00e9si k\u00e9nyszer \u00e9s a saj\u00e1t c\u00e9ljaid k\u00f6z\u00f6tt, hatalmas l\u00e9p\u00e9st tett\u00e9l az \u00e9rzelmi feln\u00f6v\u00e9s fel\u00e9.<\/p>\n<p><img data-recalc-dims=\"1\" loading=\"lazy\" decoding=\"async\" class=\" wp-image-7526 aligncenter\" src=\"https:\/\/i0.wp.com\/diakszemmel.hu\/wp-tartalom\/uploads\/2025\/07\/erzelmi-erettseg-03.jpg?resize=500%2C333&#038;ssl=1\" alt=\"\u00c9rzelmi \u00e9retts\u00e9g: hogyan fejl\u0151dhetsz \u00f6nismeretben a tanul\u00e1son t\u00fal?\" width=\"500\" height=\"333\" srcset=\"https:\/\/i0.wp.com\/diakszemmel.hu\/wp-tartalom\/uploads\/2025\/07\/erzelmi-erettseg-03.jpg?w=1200&amp;ssl=1 1200w, https:\/\/i0.wp.com\/diakszemmel.hu\/wp-tartalom\/uploads\/2025\/07\/erzelmi-erettseg-03.jpg?resize=300%2C200&amp;ssl=1 300w, https:\/\/i0.wp.com\/diakszemmel.hu\/wp-tartalom\/uploads\/2025\/07\/erzelmi-erettseg-03.jpg?resize=1024%2C683&amp;ssl=1 1024w, https:\/\/i0.wp.com\/diakszemmel.hu\/wp-tartalom\/uploads\/2025\/07\/erzelmi-erettseg-03.jpg?resize=768%2C512&amp;ssl=1 768w, https:\/\/i0.wp.com\/diakszemmel.hu\/wp-tartalom\/uploads\/2025\/07\/erzelmi-erettseg-03.jpg?resize=110%2C73&amp;ssl=1 110w, https:\/\/i0.wp.com\/diakszemmel.hu\/wp-tartalom\/uploads\/2025\/07\/erzelmi-erettseg-03.jpg?resize=420%2C280&amp;ssl=1 420w, https:\/\/i0.wp.com\/diakszemmel.hu\/wp-tartalom\/uploads\/2025\/07\/erzelmi-erettseg-03.jpg?resize=645%2C430&amp;ssl=1 645w, https:\/\/i0.wp.com\/diakszemmel.hu\/wp-tartalom\/uploads\/2025\/07\/erzelmi-erettseg-03.jpg?resize=24%2C16&amp;ssl=1 24w, https:\/\/i0.wp.com\/diakszemmel.hu\/wp-tartalom\/uploads\/2025\/07\/erzelmi-erettseg-03.jpg?resize=36%2C24&amp;ssl=1 36w, https:\/\/i0.wp.com\/diakszemmel.hu\/wp-tartalom\/uploads\/2025\/07\/erzelmi-erettseg-03.jpg?resize=48%2C32&amp;ssl=1 48w\" sizes=\"auto, (max-width: 500px) 100vw, 500px\" \/><\/p>\n<h3>3. L\u00e9pj ki a komfortz\u00f3n\u00e1db\u00f3l \u2013 de tudatosan<\/h3>\n<p>Az \u00f6nismeret nem felt\u00e9tlen k\u00e9nyelmes folyamat. A fejl\u0151d\u00e9shez id\u0151k\u00e9nt szembe kell n\u00e9zned egy neh\u00e9z d\u00f6nt\u00e9ssel, fel kell v\u00e1llalnod egy kudarcot, vagy ki kell l\u00e9pned egy helyzetb\u0151l, ami m\u00e1r nem visz el\u0151re. Az \u00e9rzelmi \u00e9retts\u00e9ghez b\u00e1tors\u00e1g kell \u00e9s tudatos befel\u00e9 figyel\u00e9s.<\/p>\n<h3>4. Engedd meg magadnak a hib\u00e1z\u00e1st<\/h3>\n<p>Az \u00e9rzelmileg \u00e9rett ember tudja, hogy nincs olyan \u00e1llapot, amikor t\u00f6k\u00e9letes, amikor &#8222;k\u00e9sz&#8221; van: mindig lehet fejl\u0151dni. A hib\u00e1kat \u00e9pp ez\u00e9rt nem \u00e9rdemes megpr\u00f3b\u00e1lni elfedni vagy letagadni, sokkal ink\u00e1bb az visz el\u0151re, ha elfogadod, \u00e9s megpr\u00f3b\u00e1lsz tanulni bel\u0151le. Egyetemistak\u00e9nt sokat hib\u00e1zol, \u00e9s ez teljesen rendben van.<\/p>\n<h2>Tanulj magadr\u00f3l<\/h2>\n<p>A diploma \u00e9rt\u00e9kes, de hossz\u00fa t\u00e1von az is legal\u00e1bb ilyen fontos, hogy ki vagy, hogyan d\u00f6ntesz, \u00e9s hogyan viseled a saj\u00e1t d\u00f6nt\u00e9seid s\u00faly\u00e1t. Az \u00e9rzelmi \u00e9retts\u00e9g nem j\u00f6n el mag\u00e1t\u00f3l, de ha figyelsz magadra, k\u00e9rd\u00e9seket teszel fel, \u00e9s mersz v\u00e1ltozni, akkor l\u00e9p\u00e9sr\u0151l l\u00e9p\u00e9sre k\u00f6zelebb \u00e9rsz a kiegyens\u00falyozott, \u00f6nazonos \u00e1llapot fel\u00e9.<\/p>\n\n<!-- Facebook Like Button v1.9.6 BEGIN [http:\/\/blog.bottomlessinc.com] -->\n<iframe src=\"http:\/\/www.facebook.com\/plugins\/like.php?href=https%3A%2F%2Fdiakszemmel.hu%2Findex.php%2F2025%2F07%2Ferzelmi-erettseg-hogyan-fejlodhetsz-onismeretben-a-tanulason-tul%2F&amp;layout=standard&amp;show_faces=false&amp;width=450&amp;action=like&amp;colorscheme=light\" scrolling=\"no\" frameborder=\"0\" allowTransparency=\"true\" style=\"border:none; overflow:hidden; width:450px; height: 30px; align: left; margin: 2px 0px 2px 0px\"><\/iframe>\n<!-- Facebook Like Button END -->\n","protected":false},"excerpt":{"rendered":"<p>\u201eOk\u00e9, hogy megszerezem ezt a diplom\u00e1t, de k\u00f6zben ki vagyok \u00e9n?\u201d Ez a k\u00e9rd\u00e9s nem szerepel az egyetemi tanrendben, pedig tal\u00e1n fontosabb, mint b\u00e1rmelyik vizsga. Az egyetemen sok mindenr\u0151l tanulunk, de arr\u00f3l nem, hogyan ismerj\u00fck meg \u00f6nmagunkat. Pedig az \u00e9rzelmi \u00e9retts\u00e9g legal\u00e1bb annyira meghat\u00e1rozza a j\u00f6v\u0151det, mint egy diplomamunka.<\/p>\n","protected":false},"author":2,"featured_media":7524,"comment_status":"closed","ping_status":"open","sticky":false,"template":"","format":"standard","meta":{"_jetpack_memberships_contains_paid_content":false,"footnotes":""},"categories":[537],"tags":[922,438],"class_list":["post-7523","post","type-post","status-publish","format-standard","has-post-thumbnail","hentry","category-gondolkodos","tag-onismeret","tag-pszichologia"],"jetpack_featured_media_url":"https:\/\/i0.wp.com\/diakszemmel.hu\/wp-tartalom\/uploads\/2025\/07\/erzelmi-erettseg-01.jpg?fit=1200%2C800&ssl=1","jetpack_shortlink":"https:\/\/wp.me\/p7SAqx-1Xl","jetpack_sharing_enabled":true,"_links":{"self":[{"href":"https:\/\/diakszemmel.hu\/index.php\/wp-json\/wp\/v2\/posts\/7523","targetHints":{"allow":["GET"]}}],"collection":[{"href":"https:\/\/diakszemmel.hu\/index.php\/wp-json\/wp\/v2\/posts"}],"about":[{"href":"https:\/\/diakszemmel.hu\/index.php\/wp-json\/wp\/v2\/types\/post"}],"author":[{"embeddable":true,"href":"https:\/\/diakszemmel.hu\/index.php\/wp-json\/wp\/v2\/users\/2"}],"replies":[{"embeddable":true,"href":"https:\/\/diakszemmel.hu\/index.php\/wp-json\/wp\/v2\/comments?post=7523"}],"version-history":[{"count":1,"href":"https:\/\/diakszemmel.hu\/index.php\/wp-json\/wp\/v2\/posts\/7523\/revisions"}],"predecessor-version":[{"id":7527,"href":"https:\/\/diakszemmel.hu\/index.php\/wp-json\/wp\/v2\/posts\/7523\/revisions\/7527"}],"wp:featuredmedia":[{"embeddable":true,"href":"https:\/\/diakszemmel.hu\/index.php\/wp-json\/wp\/v2\/media\/7524"}],"wp:attachment":[{"href":"https:\/\/diakszemmel.hu\/index.php\/wp-json\/wp\/v2\/media?parent=7523"}],"wp:term":[{"taxonomy":"category","embeddable":true,"href":"https:\/\/diakszemmel.hu\/index.php\/wp-json\/wp\/v2\/categories?post=7523"},{"taxonomy":"post_tag","embeddable":true,"href":"https:\/\/diakszemmel.hu\/index.php\/wp-json\/wp\/v2\/tags?post=7523"}],"curies":[{"name":"wp","href":"https:\/\/api.w.org\/{rel}","templated":true}]}}