{"id":789,"date":"2017-08-30T11:31:30","date_gmt":"2017-08-30T09:31:30","guid":{"rendered":"https:\/\/diakszemmel.hu\/?p=789"},"modified":"2017-08-30T11:31:30","modified_gmt":"2017-08-30T09:31:30","slug":"nyaralas-ajanlo-menjunk-montenegroba","status":"publish","type":"post","link":"https:\/\/diakszemmel.hu\/index.php\/2017\/08\/nyaralas-ajanlo-menjunk-montenegroba\/","title":{"rendered":"Nyaral\u00e1s aj\u00e1nl\u00f3: menj\u00fcnk Montenegr\u00f3ba!"},"content":{"rendered":"\n<!-- Facebook Like Button v1.9.6 BEGIN [http:\/\/blog.bottomlessinc.com] -->\n<iframe src=\"http:\/\/www.facebook.com\/plugins\/like.php?href=https%3A%2F%2Fdiakszemmel.hu%2Findex.php%2F2017%2F08%2Fnyaralas-ajanlo-menjunk-montenegroba%2F&amp;layout=standard&amp;show_faces=false&amp;width=450&amp;action=like&amp;colorscheme=light\" scrolling=\"no\" frameborder=\"0\" allowTransparency=\"true\" style=\"border:none; overflow:hidden; width:450px; height: 30px; align: left; margin: 2px 0px 2px 0px\"><\/iframe>\n<!-- Facebook Like Button END -->\n<p><strong>A szeptemberi becsenget\u00e9skor a Balatonnak nagyj\u00e1b\u00f3l kicsengetnek \u00e9s lez\u00e1rul kis haz\u00e1nkban a strandszezon. Pedig tudom, hogy sokunknak m\u00e9g csak most lenne igaz\u00e1n ideje a nyaralgat\u00e1sra, ha m\u00e1r v\u00e9gigdolgoztuk a nyarat. \u00c9s mi is lenne jobb, mint a parton s\u00fcttetni a hasunkat? Na, nem a felf\u00fajhat\u00f3s kismedence partj\u00e1n, hanem a tengerparton!<\/strong><!--more--><\/p>\n<p>Igen, igen, amikor a ny\u00e1r k\u00f6zepe fel\u00e9 bedobtam az \u00f6tletet, bar\u00e1tn\u0151, bar\u00e1tok, rokonok egyb\u0151l az anyagi h\u00e1tul\u00fct\u0151ket emelt\u00e9k ki. Csakhogy most egy olyan helyet mutatok be, ahol di\u00e1k fizet\u00e9sb\u0151l is el lehet t\u00f6lteni egy kellemes hetet. Ez pedig nem m\u00e1s mint a montenegr\u00f3i tengerpart, azon bel\u00fcl is a partvonal d\u00e9li r\u00e9sze.<\/p>\n<h3>Az orsz\u00e1gr\u00f3l<\/h3>\n<p><img data-recalc-dims=\"1\" loading=\"lazy\" decoding=\"async\" class=\"alignnone size-full wp-image-791\" src=\"https:\/\/i0.wp.com\/diakszemmel.hu\/wp-tartalom\/uploads\/2017\/08\/montenegro_01.jpg?resize=501%2C253&#038;ssl=1\" alt=\"\" width=\"501\" height=\"253\" srcset=\"https:\/\/i0.wp.com\/diakszemmel.hu\/wp-tartalom\/uploads\/2017\/08\/montenegro_01.jpg?w=501&amp;ssl=1 501w, https:\/\/i0.wp.com\/diakszemmel.hu\/wp-tartalom\/uploads\/2017\/08\/montenegro_01.jpg?resize=300%2C151&amp;ssl=1 300w\" sizes=\"auto, (max-width: 501px) 100vw, 501px\" \/><\/p>\n<p>Montenegr\u00f3 egy kicsiny orsz\u00e1g az Adriai-tenger partj\u00e1n. Alig p\u00e1r \u00e9ve f\u00fcggetlenedett nagytestv\u00e9r\u00e9t\u0151l, Szerbi\u00e1t\u00f3l \u00e9s mint tudjuk, az ilyen szak\u00edt\u00e1sok nem \u00fagy v\u00e9gz\u0151dnek, hogy \u201eaz\u00e9rt maradjunk bar\u00e1tok\u201d&#8230;<\/p>\n<p>\u00c9ppen ez\u00e9rt kiss\u00e9 el\u0151\u00edt\u00e9letesen indultam neki az \u00fatnak. H\u00e1bor\u00fa d\u00falta vid\u00e9kek helyett azonban valami m\u00e1st tal\u00e1ltam, de err\u0151l majd k\u00e9s\u0151bb.<\/p>\n<h3>Az utaz\u00e1s<\/h3>\n<p>Mi ketten indultunk neki a legr\u00f6videbb vonalon 805 km-es \u00fatnak a bar\u00e1tn\u0151mmel, cseppnyi aut\u00f3m h\u00e1t\u00e1n. Aki nem tud, vagy nem akar kocsival menni, annak rendelkez\u00e9s\u00e9re \u00e1llnak olcs\u00f3 fapados j\u00e1ratok Budapestr\u0151l az orsz\u00e1g f\u0151v\u00e1ros\u00e1ba, Podgoric\u00e1ba, ahonnan aut\u00f3 is b\u00e9relhet\u0151, de busz is k\u00f6zlekedik minden nagyobb tengerparti v\u00e1ros ir\u00e1ny\u00e1ba.<\/p>\n<p>A vonatban vagy j\u00e1ratos buszban gondolkod\u00f3knak rossz h\u00edrem van: k\u00f6zvetlen j\u00e1rat nincs Magyarorsz\u00e1gr\u00f3l, a sok \u00e1tsz\u00e1ll\u00e1s \u00e9s egy\u00e9bk\u00e9nt is dr\u00e1ga vonat\/ buszjegyek miatt nem \u00e9rdemes kocsi\/rep\u00fcl\u0151\/ szervezett buszos lebonyol\u00edt\u00e1son k\u00edv\u00fcl gondolkodni. Ha valaki m\u00e9gis t\u00f6megk\u00f6zleked\u00e9sben gondolkodna, annak a vonatot tudom aj\u00e1nlani, a ret\u00far jegy \u00e1ra 21 ezer ft\/f\u0151, a legalapabb k\u00f6r\u00fclm\u00e9nyek k\u00f6z\u00f6tt (nem h\u00e1l\u00f3kocsis elhelyez\u00e9s), az \u00fat pedig 25-26 \u00f3ra&#8230;<\/p>\n<p>Visszat\u00e9rve az \u00e1ltalam (els\u0151re) legegyszer\u0171bbnek v\u00e9lt megold\u00e1shoz, a kocsihoz&#8230; nos, annyira az\u00e9rt nem egyszer\u0171. Mi abban a szerencs\u00e9s helyzetben voltunk, hogy mindkett\u0151nknek volt jogos\u00edtv\u00e1nya \u00e9s t\u00f6bb- kevesebb vezet\u00e9si tapasztalata, \u00edgy b\u00e1tran indultam neki az \u00fatnak, csakhogy&#8230;<\/p>\n<p>A g\u00fagli \u00e1ltal 11 \u00e9s f\u00e9l \u00f3r\u00e1sra tervezett \u00fatb\u00f3l 16 \u00f3ra lett \u00e9s nem is ak\u00e1rhogy&#8230; Minthogy a legr\u00f6videbb (\u00e9s legolcs\u00f3bb) \u00fat Bosznia \u00e9s Hercegovina igen megoszt\u00f3 t\u00e1jain vezetett kereszt\u00fcl, sajnos kider\u00fclt, hogy a KRESZ-t nem mindenki \u00fagy \u00e9rtelmezi, mint ahogy a vizsgabiztosok teszik azt n\u00e1lunk. Ezen apr\u00f3 probl\u00e9m\u00e1nak k\u00f6sz\u00f6nhet\u0151en \u00e9s annak, hogy az orsz\u00e1gban hi\u00e1nyos az aut\u00f3p\u00e1lya (Montengr\u00f3ban pedig egy\u00e1ltal\u00e1n nincs), lelassult a tervezetthez k\u00e9pest a halad\u00e1s.<\/p>\n<p>Boszni\u00e1r\u00f3l m\u00e9g annyit \u00e9rdemes tudni, hogy minden rettenetesen dr\u00e1ga, az \u00fczemanyagot kiv\u00e9ve, ami viszont a magyar \u00e1tlagn\u00e1l 80-100 forinttal olcs\u00f3bb literenk\u00e9nt. A tervez\u00e9sn\u00e9l figyelembe kell venni, hogy a kutakon k\u00edv\u00fcl kev\u00e9s helyen fogadj\u00e1k el a bankk\u00e1rty\u00e1t \u00e9s az eur\u00f3t sem igaz\u00e1n szeretik, r\u00e1ad\u00e1sul, el\u00e9g \u201eleh\u00faz\u00f3san\u201d is v\u00e1ltj\u00e1k, ha valahol elfogadj\u00e1k. Helyette Bosny\u00e1k Konvertibilis M\u00e1rk\u00e1t haszn\u00e1lnak. Ebb\u0151l azonban m\u00e1rcsak az \u00e1rak sz\u00ednvonala miatt sem \u00e9rdemes sokat v\u00e1ltani, \u00e9tkez\u00e9s min\u0151s\u00e9gben \u00e9s \u00e1rban is sokkal jobb Montenegr\u00f3ban.<\/p>\n<p>Boszni\u00e1n k\u00edv\u00fcl a legr\u00f6videbb \u00fatvonal \u00e9rinti Horv\u00e1torsz\u00e1got is, ez azonban olyan r\u00f6vid szakasz, hogy k\u00e1r is \u00e9rdemlegesen foglalkozni vele.<\/p>\n<p>Nagy el\u0151nye ennek az \u00fatvonalnak, hogy nem \u00e9rint zs\u00fafolt \u00e1tkel\u0151ket. A leghosszabb v\u00e1rakoz\u00e1si id\u0151 15 perc volt.<\/p>\n<h3>Montenegr\u00f3<\/h3>\n<p><img data-recalc-dims=\"1\" loading=\"lazy\" decoding=\"async\" class=\"alignnone size-full wp-image-792\" src=\"https:\/\/i0.wp.com\/diakszemmel.hu\/wp-tartalom\/uploads\/2017\/08\/montenegro_02.jpg?resize=324%2C182&#038;ssl=1\" alt=\"\" width=\"324\" height=\"182\" srcset=\"https:\/\/i0.wp.com\/diakszemmel.hu\/wp-tartalom\/uploads\/2017\/08\/montenegro_02.jpg?w=324&amp;ssl=1 324w, https:\/\/i0.wp.com\/diakszemmel.hu\/wp-tartalom\/uploads\/2017\/08\/montenegro_02.jpg?resize=300%2C169&amp;ssl=1 300w\" sizes=\"auto, (max-width: 324px) 100vw, 324px\" \/><\/p>\n<p>Montengr\u00f3ba \u00e1t\u00e9rve sokat dob\u00f3dik az \u00fat min\u0151s\u00e9g\u00e9rzete: j\u00f3 utak, gy\u00f6ny\u00f6r\u0171 hegyek, szakad\u00e9kok, rendezett telep\u00fcl\u00e9sek \u00e9s Eur\u00f3. Igen, Montenegr\u00f3ban eur\u00f3val \u00e9s csak eur\u00f3val lehet fizetni. Nem az\u00e9rt mert ennyire lek\u00f6r\u00f6ztek volna minket, hanem mert az az \u00e9rdekes helyzet \u00e1llt el\u0151, hogy \u0151k egyoldal\u00faan kijelentett\u00e9k, hogy eur\u00f3t haszn\u00e1lnak \u00e9s akkor ez van. Mindenesetre \u00e9rdekes dolog, ez az\u00e9rt kicsit t\u00fckr\u00f6zi a helyi mentalit\u00e1st is, ami az olasz vagy n\u00e9met vend\u00e9gszeretethez nem m\u00e9rhet\u0151, de a magyar szintet meg\u00fcti, ami az\u00e9rt m\u00e1r j\u00f3nak mondhat\u00f3. Annyiban tal\u00e1n t\u00fal is sz\u00e1rnyalja, hogy az \u00e1rak tisztess\u00e9gesek, nem h\u00fazz\u00e1k le a k\u00fclf\u00f6ldieket, ami n\u00e1lunk, l\u00e1ssuk be el\u0151fordul amikor olyan ki\u00edr\u00e1st l\u00e1tunk, hogy \u201eGoulash 1250 Ft, 7 eur\u00f3\u201d.<\/p>\n<h3>Ulcinj, Bar, Sutomore<\/h3>\n<p><img data-recalc-dims=\"1\" loading=\"lazy\" decoding=\"async\" class=\"alignnone size-full wp-image-793\" src=\"https:\/\/i0.wp.com\/diakszemmel.hu\/wp-tartalom\/uploads\/2017\/08\/montenegro_03.jpg?resize=609%2C294&#038;ssl=1\" alt=\"\" width=\"609\" height=\"294\" srcset=\"https:\/\/i0.wp.com\/diakszemmel.hu\/wp-tartalom\/uploads\/2017\/08\/montenegro_03.jpg?w=609&amp;ssl=1 609w, https:\/\/i0.wp.com\/diakszemmel.hu\/wp-tartalom\/uploads\/2017\/08\/montenegro_03.jpg?resize=300%2C145&amp;ssl=1 300w\" sizes=\"auto, (max-width: 609px) 100vw, 609px\" \/><\/p>\n<p>A fenti h\u00e1rom telep\u00fcl\u00e9s az amelyet di\u00e1kk\u00e9nt \u00e9rdemes megc\u00e9lozni. Ugyan gy\u00f6ny\u00f6r\u0171ek a Kotori- \u00f6b\u00f6l telep\u00fcl\u00e9sei, azonban azok m\u00e1r ink\u00e1bb a horv\u00e1t tengerpart \u00e1rszinvonala fel\u00e9 h\u00faz\u00f3dnak. A h\u00e1rom k\u00f6z\u00fcl a kedvencem, Ulcinj nem ny\u00fajt semmivel kevesebbet, mint Kotor Montenegr\u00f3ban vagy Dubrovnik \u00e9s Split Horv\u00e1torsz\u00e1gban, azonban m\u00edg egy \u00e9jszaka egy spliti apartmanban 25-35 ezer, \u00edzl\u00e9st\u0151l f\u00fcgg\u0151en, a d\u00e9li szomsz\u00e9dn\u00e1l ennek harmad\u00e1\u00e9rt m\u00e1r kultur\u00e1lt sz\u00e1ll\u00e1st lehet kapni, hasonl\u00f3 k\u00f6rnyezetben. Az \u00e9lelmiszerek \u00e1rsz\u00ednvonala a balatoni szintet is csak a dr\u00e1g\u00e1bb helyeken \u00e9ri el, \u00edgy igaz\u00e1n p\u00e9nzt\u00e1rcabar\u00e1t egy vacsora a tengerparton. Arr\u00f3l nem is besz\u00e9lve, hogy olyan pizz\u00e1t, amilyet ott ettem, legutolj\u00e1ra Olaszorsz\u00e1ban k\u00f3stoltam, a k\u00e1v\u00e9 pedig mennyei.<\/p>\n<p>\u00c9tv\u00e1gycsin\u00e1l\u00f3nak \u00edme p\u00e1r k\u00e9p a v\u00e1rosk\u00e1kr\u00f3l:<\/p>\n<p>Strand, Ulcinj<\/p>\n<p><img data-recalc-dims=\"1\" loading=\"lazy\" decoding=\"async\" class=\"alignnone size-full wp-image-794\" src=\"https:\/\/i0.wp.com\/diakszemmel.hu\/wp-tartalom\/uploads\/2017\/08\/montenegro_04.jpg?resize=310%2C172&#038;ssl=1\" alt=\"\" width=\"310\" height=\"172\" srcset=\"https:\/\/i0.wp.com\/diakszemmel.hu\/wp-tartalom\/uploads\/2017\/08\/montenegro_04.jpg?w=310&amp;ssl=1 310w, https:\/\/i0.wp.com\/diakszemmel.hu\/wp-tartalom\/uploads\/2017\/08\/montenegro_04.jpg?resize=300%2C166&amp;ssl=1 300w\" sizes=\"auto, (max-width: 310px) 100vw, 310px\" \/><\/p>\n<p>Krist\u00e1lytiszta tenger Sutomor\u00e9n\u00e9l<\/p>\n<p><img data-recalc-dims=\"1\" loading=\"lazy\" decoding=\"async\" class=\"alignnone size-full wp-image-795\" src=\"https:\/\/i0.wp.com\/diakszemmel.hu\/wp-tartalom\/uploads\/2017\/08\/montenegro_05.jpg?resize=310%2C234&#038;ssl=1\" alt=\"\" width=\"310\" height=\"234\" srcset=\"https:\/\/i0.wp.com\/diakszemmel.hu\/wp-tartalom\/uploads\/2017\/08\/montenegro_05.jpg?w=310&amp;ssl=1 310w, https:\/\/i0.wp.com\/diakszemmel.hu\/wp-tartalom\/uploads\/2017\/08\/montenegro_05.jpg?resize=300%2C226&amp;ssl=1 300w\" sizes=\"auto, (max-width: 310px) 100vw, 310px\" \/><\/p>\n<p>Sveti- Stefan z\u00e1tonyra \u00e9p\u00fclt falva<\/p>\n<p><img data-recalc-dims=\"1\" loading=\"lazy\" decoding=\"async\" class=\"alignnone size-full wp-image-796\" src=\"https:\/\/i0.wp.com\/diakszemmel.hu\/wp-tartalom\/uploads\/2017\/08\/montenegro_06.jpg?resize=310%2C200&#038;ssl=1\" alt=\"\" width=\"310\" height=\"200\" srcset=\"https:\/\/i0.wp.com\/diakszemmel.hu\/wp-tartalom\/uploads\/2017\/08\/montenegro_06.jpg?w=310&amp;ssl=1 310w, https:\/\/i0.wp.com\/diakszemmel.hu\/wp-tartalom\/uploads\/2017\/08\/montenegro_06.jpg?resize=300%2C194&amp;ssl=1 300w\" sizes=\"auto, (max-width: 310px) 100vw, 310px\" \/><\/p>\n<p>Belv\u00e1ros, Ulcinj<\/p>\n<p><img data-recalc-dims=\"1\" loading=\"lazy\" decoding=\"async\" class=\"alignnone size-full wp-image-797\" src=\"https:\/\/i0.wp.com\/diakszemmel.hu\/wp-tartalom\/uploads\/2017\/08\/montenegro_07.jpg?resize=310%2C222&#038;ssl=1\" alt=\"\" width=\"310\" height=\"222\" srcset=\"https:\/\/i0.wp.com\/diakszemmel.hu\/wp-tartalom\/uploads\/2017\/08\/montenegro_07.jpg?w=310&amp;ssl=1 310w, https:\/\/i0.wp.com\/diakszemmel.hu\/wp-tartalom\/uploads\/2017\/08\/montenegro_07.jpg?resize=300%2C215&amp;ssl=1 300w\" sizes=\"auto, (max-width: 310px) 100vw, 310px\" \/><\/p>\n<h3>Egy\u00e9b fontos tudnival\u00f3k:<\/h3>\n<ul>\n<li>Minden az utaz\u00e1s sor\u00e1n \u00e9rintett orsz\u00e1gban elfogadj\u00e1k a hat\u00e1rn\u00e1l a szem\u00e9lyi igazolv\u00e1nyt, mint beutaz\u00e1si okm\u00e1nyt.<\/li>\n<li>Ha kocsival indultok, Horv\u00e1torsz\u00e1gban sz\u00e1molni kell az igen magas \u00fat- \u00e9s h\u00edd-d\u00edjakkal.<\/li>\n<li>Tankolni Boszni\u00e1ban \u00e9rdemes, az \u00fczemanyag megb\u00edzhat\u00f3 min\u0151s\u00e9g\u0171.<\/li>\n<li>Montenegr\u00f3ban a tengerparton a legt\u00f6bben besz\u00e9lnek angolul, de a n\u00e9metet nem nagyon \u00e9rtik. Az orsz\u00e1g belsej\u00e9ben \u00e9s az \u00fatba es\u0151 m\u00e1s orsz\u00e1gokban is hi\u00e1nyos a helyiek nyelvtud\u00e1sa.<\/li>\n<li>\u00c9rdemes GPS-t \u00e9s pap\u00edr alap\u00fa t\u00e9rk\u00e9pet is vinni.<\/li>\n<li>H\u00e1l\u00f3zati csatlakoz\u00f3juk megegyezik a Magyarorsz\u00e1gon haszn\u00e1lttal.<\/li>\n<li>\u00d3vatosan a mobilnettel \u00e9s a telefon\u00e1lgat\u00e1ssal, nagyon dr\u00e1ga az orsz\u00e1gban a roaming d\u00edj.<\/li>\n<\/ul>\n\n<!-- Facebook Like Button v1.9.6 BEGIN [http:\/\/blog.bottomlessinc.com] -->\n<iframe src=\"http:\/\/www.facebook.com\/plugins\/like.php?href=https%3A%2F%2Fdiakszemmel.hu%2Findex.php%2F2017%2F08%2Fnyaralas-ajanlo-menjunk-montenegroba%2F&amp;layout=standard&amp;show_faces=false&amp;width=450&amp;action=like&amp;colorscheme=light\" scrolling=\"no\" frameborder=\"0\" allowTransparency=\"true\" style=\"border:none; overflow:hidden; width:450px; height: 30px; align: left; margin: 2px 0px 2px 0px\"><\/iframe>\n<!-- Facebook Like Button END -->\n","protected":false},"excerpt":{"rendered":"<p>A szeptemberi becsenget\u00e9skor a Balatonnak nagyj\u00e1b\u00f3l kicsengetnek \u00e9s lez\u00e1rul kis haz\u00e1nkban a strandszezon. Pedig tudom, hogy sokunknak m\u00e9g csak most lenne igaz\u00e1n ideje a nyaralgat\u00e1sra, ha m\u00e1r v\u00e9gigdolgoztuk a nyarat. \u00c9s mi is lenne jobb, mint a parton s\u00fcttetni a hasunkat? Na, nem a felf\u00fajhat\u00f3s kismedence partj\u00e1n, hanem a tengerparton!<\/p>\n","protected":false},"author":4,"featured_media":798,"comment_status":"closed","ping_status":"open","sticky":false,"template":"","format":"standard","meta":{"_jetpack_memberships_contains_paid_content":false,"footnotes":""},"categories":[3],"tags":[21,431,415,432,45],"class_list":["post-789","post","type-post","status-publish","format-standard","has-post-thumbnail","hentry","category-szorakozzunk","tag-kiemelt","tag-montenegro","tag-nyaralas","tag-tengerpart","tag-utazas"],"jetpack_featured_media_url":"https:\/\/i0.wp.com\/diakszemmel.hu\/wp-tartalom\/uploads\/2017\/08\/montenegro_00.jpg?fit=1200%2C534&ssl=1","jetpack_shortlink":"https:\/\/wp.me\/p7SAqx-cJ","jetpack_sharing_enabled":true,"_links":{"self":[{"href":"https:\/\/diakszemmel.hu\/index.php\/wp-json\/wp\/v2\/posts\/789","targetHints":{"allow":["GET"]}}],"collection":[{"href":"https:\/\/diakszemmel.hu\/index.php\/wp-json\/wp\/v2\/posts"}],"about":[{"href":"https:\/\/diakszemmel.hu\/index.php\/wp-json\/wp\/v2\/types\/post"}],"author":[{"embeddable":true,"href":"https:\/\/diakszemmel.hu\/index.php\/wp-json\/wp\/v2\/users\/4"}],"replies":[{"embeddable":true,"href":"https:\/\/diakszemmel.hu\/index.php\/wp-json\/wp\/v2\/comments?post=789"}],"version-history":[{"count":0,"href":"https:\/\/diakszemmel.hu\/index.php\/wp-json\/wp\/v2\/posts\/789\/revisions"}],"wp:featuredmedia":[{"embeddable":true,"href":"https:\/\/diakszemmel.hu\/index.php\/wp-json\/wp\/v2\/media\/798"}],"wp:attachment":[{"href":"https:\/\/diakszemmel.hu\/index.php\/wp-json\/wp\/v2\/media?parent=789"}],"wp:term":[{"taxonomy":"category","embeddable":true,"href":"https:\/\/diakszemmel.hu\/index.php\/wp-json\/wp\/v2\/categories?post=789"},{"taxonomy":"post_tag","embeddable":true,"href":"https:\/\/diakszemmel.hu\/index.php\/wp-json\/wp\/v2\/tags?post=789"}],"curies":[{"name":"wp","href":"https:\/\/api.w.org\/{rel}","templated":true}]}}