{"id":7943,"date":"2026-04-30T12:38:55","date_gmt":"2026-04-30T10:38:55","guid":{"rendered":"https:\/\/diakszemmel.hu\/?p=7943"},"modified":"2026-04-30T12:38:55","modified_gmt":"2026-04-30T10:38:55","slug":"uj-iranyt-vesz-a-sziget-fesztival-nosztalgia-kozosseg-es-mentalis-fokusz-2026-ban","status":"publish","type":"post","link":"https:\/\/diakszemmel.hu\/index.php\/2026\/04\/uj-iranyt-vesz-a-sziget-fesztival-nosztalgia-kozosseg-es-mentalis-fokusz-2026-ban\/","title":{"rendered":"\u00daj ir\u00e1nyt vesz a Sziget Fesztiv\u00e1l: nosztalgia, k\u00f6z\u00f6ss\u00e9g \u00e9s ment\u00e1lis f\u00f3kusz 2026-ban"},"content":{"rendered":"\n<!-- Facebook Like Button v1.9.6 BEGIN [http:\/\/blog.bottomlessinc.com] -->\n<iframe src=\"http:\/\/www.facebook.com\/plugins\/like.php?href=https%3A%2F%2Fdiakszemmel.hu%2Findex.php%2F2026%2F04%2Fuj-iranyt-vesz-a-sziget-fesztival-nosztalgia-kozosseg-es-mentalis-fokusz-2026-ban%2F&amp;layout=standard&amp;show_faces=false&amp;width=450&amp;action=like&amp;colorscheme=light\" scrolling=\"no\" frameborder=\"0\" allowTransparency=\"true\" style=\"border:none; overflow:hidden; width:450px; height: 30px; align: left; margin: 2px 0px 2px 0px\"><\/iframe>\n<!-- Facebook Like Button END -->\n<p data-start=\"109\" data-end=\"570\">A 2026-os Sziget nem egyszer\u0171en egy \u00fajabb fesztiv\u00e1lkiad\u00e1snak \u00edg\u00e9rkezik, hanem tudatos \u00fajrapozicion\u00e1l\u00e1snak. A szervez\u0151k c\u00e9lja egy olyan esem\u00e9ny l\u00e9trehoz\u00e1sa, amely egyszerre k\u00e9pes visszahozni a fesztiv\u00e1l ikonikus hangulat\u00e1t, mik\u00f6zben \u00e9rz\u00e9kenyen reag\u00e1l a mai fiatal gener\u00e1ci\u00f3 kih\u00edv\u00e1saira is. Az idei bejelent\u00e9sek alapj\u00e1n a hangs\u00faly egy\u00e9rtelm\u0171en a k\u00f6z\u00f6ss\u00e9gi \u00e9lm\u00e9ny m\u00e9ly\u00edt\u00e9s\u00e9n, a hazai k\u00f6z\u00f6ns\u00e9g \u00fajrasz\u00f3l\u00edt\u00e1s\u00e1n \u00e9s a ment\u00e1lis j\u00f3ll\u00e9t k\u00e9rd\u00e9s\u00e9nek el\u0151t\u00e9rbe helyez\u00e9s\u00e9n van.<\/p>\n<p data-start=\"109\" data-end=\"570\"><!--more--><\/p>\n<h3 data-section-id=\"r26dw1\" data-start=\"572\" data-end=\"602\"><img data-recalc-dims=\"1\" loading=\"lazy\" decoding=\"async\" class=\"wp-image-7944 aligncenter\" src=\"https:\/\/i0.wp.com\/diakszemmel.hu\/wp-tartalom\/uploads\/2026\/04\/young-women-having-fun-summertime-min-1-min-1-compressed-1.jpg?resize=640%2C427&#038;ssl=1\" alt=\"\" width=\"640\" height=\"427\" \/><\/h3>\n<h3 data-section-id=\"r26dw1\" data-start=\"572\" data-end=\"602\">Id\u0151utaz\u00e1s a Nulladik Napon<\/h3>\n<p data-start=\"604\" data-end=\"1020\">A Sziget egyik legl\u00e1tv\u00e1nyosabb \u00faj\u00edt\u00e1sa a Nulladik Nap visszat\u00e9r\u00e9se augusztus 10-\u00e9n, amely egyfajta zenei id\u0151utaz\u00e1sk\u00e9nt id\u00e9zi meg a fesztiv\u00e1l legeml\u00e9kezetesebb pillanatait. A program nemcsak nosztalgikus gesztus, hanem tudatos h\u00edd\u00e9p\u00edt\u00e9s a gener\u00e1ci\u00f3k k\u00f6z\u00f6tt: azok is \u00fajra kapcsol\u00f3dhatnak a Sziget \u00e9lm\u00e9ny\u00e9hez, akik kor\u00e1bban m\u00e1r r\u00e9szesei voltak, mik\u00f6zben a fiatalabb k\u00f6z\u00f6ns\u00e9g is betekint\u00e9st nyerhet a fesztiv\u00e1l m\u00faltj\u00e1ba.<\/p>\n<p data-start=\"1022\" data-end=\"1355\">A fell\u00e9p\u0151k k\u00f6z\u00f6tt olyan, a Sziget t\u00f6rt\u00e9net\u00e9ben meghat\u00e1roz\u00f3 nevek szerepelnek, mint a <span class=\"hover:entity-accent entity-underline inline cursor-pointer align-baseline\"><span class=\"whitespace-normal\">Faithless<\/span><\/span>, a <span class=\"hover:entity-accent entity-underline inline cursor-pointer align-baseline\"><span class=\"whitespace-normal\">Morcheeba<\/span><\/span> vagy <span class=\"hover:entity-accent entity-underline inline cursor-pointer align-baseline\"><span class=\"whitespace-normal\">Goran Bregovi\u0107<\/span><\/span>. Az est\u00e9t egy moderniz\u00e1lt T\u00e1ncdalfesztiv\u00e1l-hangulat\u00fa afterparty z\u00e1rja, amely a retr\u00f3 \u00e9s a kort\u00e1rs sz\u00f3rakoztat\u00e1s hat\u00e1r\u00e1n mozog.<\/p>\n<h3 data-section-id=\"1dfsn6x\" data-start=\"1357\" data-end=\"1402\">SZociety: v\u00e1lasz a gener\u00e1ci\u00f3s szorong\u00e1sra<\/h3>\n<p data-start=\"1404\" data-end=\"1791\">A fesztiv\u00e1l egyik legfontosabb, t\u00falmutat\u00f3 kezdem\u00e9nyez\u00e9se a SZociety Mozgalom elind\u00edt\u00e1sa. A projekt a fiatalokat \u00e9rint\u0151 ment\u00e1lis probl\u00e9m\u00e1kra reflekt\u00e1l, amelyek az elm\u00falt \u00e9vekben egyre hangs\u00falyosabb\u00e1 v\u00e1ltak. A kezdem\u00e9nyez\u00e9s c\u00e9lja nem csup\u00e1n a figyelemfelh\u00edv\u00e1s, hanem egy akt\u00edv, t\u00e1mogat\u00f3 h\u00e1l\u00f3zat kialak\u00edt\u00e1sa is, amely seg\u00edti a ment\u00e1lhigi\u00e9n\u00e9s szakemberek, pedag\u00f3gusok \u00e9s k\u00f6z\u00f6ss\u00e9gek munk\u00e1j\u00e1t.<\/p>\n<p data-start=\"1793\" data-end=\"2140\">A mozgalom r\u00e9szek\u00e9nt l\u00e9trej\u00f6v\u0151 <strong data-start=\"1824\" data-end=\"1847\">Szuper SZociety-d\u00edj<\/strong> k\u00fcl\u00f6nlegess\u00e9ge, hogy a szakmai zs\u0171ri mellett maguk a fiatalok is r\u00e9szt vesznek a d\u00f6nt\u00e9shozatalban. Ez a megk\u00f6zel\u00edt\u00e9s hitelesebb\u00e9 teszi az elismer\u00e9st, \u00e9s egyben er\u0151s\u00edti a k\u00f6z\u00f6ss\u00e9gi bevon\u00f3d\u00e1st is. A kezdem\u00e9nyez\u00e9s egy\u00e9rtelm\u0171 \u00fczenetet hordoz: a ment\u00e1lis eg\u00e9szs\u00e9g nem egy\u00e9ni, hanem t\u00e1rsadalmi \u00fcgy.<\/p>\n<h3 data-section-id=\"10zk3b5\" data-start=\"2142\" data-end=\"2190\">Nemzetk\u00f6zi szt\u00e1rok \u00e9s er\u0151s\u00f6d\u0151 hazai jelenl\u00e9t<\/h3>\n<p data-start=\"2192\" data-end=\"2476\">A zenei program tov\u00e1bbra is a Sziget egyik legnagyobb vonzereje. A Nagysz\u00ednpad fell\u00e9p\u0151i k\u00f6z\u00f6tt szerepel t\u00f6bbek k\u00f6z\u00f6tt <span class=\"hover:entity-accent entity-underline inline cursor-pointer align-baseline\"><span class=\"whitespace-normal\">Skrillex<\/span><\/span>, a <span class=\"hover:entity-accent entity-underline inline cursor-pointer align-baseline\"><span class=\"whitespace-normal\">Bring Me The Horizon<\/span><\/span>, a <span class=\"hover:entity-accent entity-underline inline cursor-pointer align-baseline\"><span class=\"whitespace-normal\">Florence + The Machine<\/span><\/span> vagy a <span class=\"hover:entity-accent entity-underline inline cursor-pointer align-baseline\"><span class=\"whitespace-normal\">Twenty One Pilots<\/span><\/span>.<\/p>\n<p data-start=\"2478\" data-end=\"2874\">Ugyanakkor az idei \u00e9v egyik legfontosabb t\u00f6rekv\u00e9se a magyar zenei szc\u00e9na er\u0151teljesebb bevon\u00e1sa. A Budapest Park Stage k\u00fcl\u00f6n platformot biztos\u00edt a hazai el\u0151ad\u00f3knak, k\u00f6zt\u00fck olyan n\u00e9pszer\u0171 neveknek, mint <span class=\"hover:entity-accent entity-underline inline cursor-pointer align-baseline\"><span class=\"whitespace-normal\">Beton.Hofi<\/span><\/span> vagy az <span class=\"hover:entity-accent entity-underline inline cursor-pointer align-baseline\"><span class=\"whitespace-normal\">Analog Balaton<\/span><\/span>. Ez a hangs\u00falyv\u00e1lt\u00e1s hozz\u00e1j\u00e1rul ahhoz, hogy a Sziget ism\u00e9t szorosabban kapcsol\u00f3djon a hazai kultur\u00e1lis \u00e9lethez.<\/p>\n<h3 data-start=\"2478\" data-end=\"2874\">\u00daj strukt\u00fara, \u00e9lm\u00e9nyalap\u00fa fesztiv\u00e1l<\/h3>\n<p data-start=\"2917\" data-end=\"3201\">A 2026-os Sziget egyik kulcseleme a tov\u00e1bbfejlesztett \u201edistrict\u201d rendszer, amely a fesztiv\u00e1lt tematikus negyedekre bontja. Ezek a terek nem csup\u00e1n zenei helysz\u00ednek, hanem komplex \u00e9lm\u00e9nyz\u00f3n\u00e1k, ahol a m\u0171v\u00e9szet, a k\u00f6z\u00f6ss\u00e9gi programok \u00e9s az interakt\u00edv install\u00e1ci\u00f3k egyar\u00e1nt helyet kapnak.<\/p>\n<p data-start=\"3203\" data-end=\"3577\">A k\u00fcl\u00f6nb\u00f6z\u0151 negyedek \u2013 p\u00e9ld\u00e1ul a hip-hop kult\u00far\u00e1ra \u00e9p\u00fcl\u0151 dropYard, az elektronikus zen\u00e9re f\u00f3kusz\u00e1l\u00f3 Delta District vagy a m\u0171v\u00e9szeti \u00e9lm\u00e9nyeket k\u00edn\u00e1l\u00f3 Jardin des Arts \u2013 lehet\u0151s\u00e9get adnak arra, hogy a l\u00e1togat\u00f3k saj\u00e1t \u00e9rdekl\u0151d\u00e9s\u00fck ment\u00e9n fedezz\u00e9k fel a fesztiv\u00e1lt. Ez a strukt\u00fara egy sokr\u00e9teg\u0171, szem\u00e9lyre szabhat\u00f3 \u00e9lm\u00e9nyt k\u00edn\u00e1l, amely t\u00falmutat a hagyom\u00e1nyos koncertl\u00e1togat\u00e1son.<\/p>\n<h3 data-section-id=\"1bsu14u\" data-start=\"3579\" data-end=\"3618\">El\u00e9rhet\u0151s\u00e9g \u00e9s tudatos fejleszt\u00e9sek<\/h3>\n<p data-start=\"3620\" data-end=\"3885\">A szervez\u0151k az \u00e9lm\u00e9ny mellett a hozz\u00e1f\u00e9rhet\u0151s\u00e9get is hangs\u00falyosan kezelik. Az egyik legjelent\u0151sebb kedvezm\u00e9ny, hogy a di\u00e1kigazolv\u00e1nnyal \u00e9s BudapestGO-b\u00e9rlettel rendelkez\u0151 l\u00e1togat\u00f3k f\u00e9l\u00e1ron juthatnak b\u00e9rlethez, ami jelent\u0151sen cs\u00f6kkentheti a fesztiv\u00e1loz\u00e1s k\u00f6lts\u00e9geit.<\/p>\n<p data-start=\"3887\" data-end=\"4210\">Ezzel p\u00e1rhuzamosan a szolg\u00e1ltat\u00e1sok ter\u00e9n is sz\u00e1mos fejleszt\u00e9s t\u00f6rt\u00e9nik: b\u0151v\u00fclnek a pihen\u0151z\u00f3n\u00e1k, er\u0151s\u00f6dik a fenntarthat\u00f3s\u00e1gi szeml\u00e9let, \u00e9s tov\u00e1bbra is kiemelt szerepet kap a megfizethet\u0151 \u00e9tel- \u00e9s italk\u00edn\u00e1lat. A c\u00e9l egy\u00e9rtelm\u0171en az, hogy a Sziget ne csup\u00e1n intenz\u00edv, hanem hosszabb t\u00e1von is \u00e9lhet\u0151 fesztiv\u00e1l\u00e9lm\u00e9nyt ny\u00fajtson.<\/p>\n<h3 data-section-id=\"16zayza\" data-start=\"4212\" data-end=\"4235\">T\u00f6bb mint fesztiv\u00e1l<\/h3>\n<p data-start=\"4237\" data-end=\"4558\">A 2026-os Sziget egy\u00e9rtelm\u0171en t\u00falmutat a klasszikus \u00e9rtelemben vett zenei rendezv\u00e9nyen. A nosztalgikus elemek visszahoz\u00e1sa, a kort\u00e1rs t\u00e1rsadalmi probl\u00e9m\u00e1kra adott v\u00e1laszok \u00e9s az \u00e9lm\u00e9nyalap\u00fa t\u00e9rszervez\u00e9s egy\u00fctt egy olyan komplex kultur\u00e1lis platformot hoznak l\u00e9tre, amely egyszerre sz\u00f3l a sz\u00f3rakoz\u00e1sr\u00f3l \u00e9s a kapcsol\u00f3d\u00e1sr\u00f3l.<\/p>\n<p data-start=\"4560\" data-end=\"4724\" data-is-last-node=\"\" data-is-only-node=\"\">A szervez\u0151k sz\u00e1nd\u00e9ka vil\u00e1gos: a Sziget ism\u00e9t olyan meghat\u00e1roz\u00f3 gener\u00e1ci\u00f3s \u00e9lm\u00e9nny\u00e9 v\u00e1ljon, amely nemcsak eml\u00e9kezetes, hanem jelent\u00e9ssel is b\u00edr a r\u00e9sztvev\u0151k sz\u00e1m\u00e1ra.<\/p>\n\n<!-- Facebook Like Button v1.9.6 BEGIN [http:\/\/blog.bottomlessinc.com] -->\n<iframe src=\"http:\/\/www.facebook.com\/plugins\/like.php?href=https%3A%2F%2Fdiakszemmel.hu%2Findex.php%2F2026%2F04%2Fuj-iranyt-vesz-a-sziget-fesztival-nosztalgia-kozosseg-es-mentalis-fokusz-2026-ban%2F&amp;layout=standard&amp;show_faces=false&amp;width=450&amp;action=like&amp;colorscheme=light\" scrolling=\"no\" frameborder=\"0\" allowTransparency=\"true\" style=\"border:none; overflow:hidden; width:450px; height: 30px; align: left; margin: 2px 0px 2px 0px\"><\/iframe>\n<!-- Facebook Like Button END -->\n","protected":false},"excerpt":{"rendered":"<p>A 2026-os Sziget nem egyszer\u0171en egy \u00fajabb fesztiv\u00e1lkiad\u00e1snak \u00edg\u00e9rkezik, hanem tudatos \u00fajrapozicion\u00e1l\u00e1snak. A szervez\u0151k c\u00e9lja egy olyan esem\u00e9ny l\u00e9trehoz\u00e1sa, amely egyszerre k\u00e9pes visszahozni a fesztiv\u00e1l ikonikus hangulat\u00e1t, mik\u00f6zben \u00e9rz\u00e9kenyen reag\u00e1l a mai fiatal gener\u00e1ci\u00f3 kih\u00edv\u00e1saira is. Az idei bejelent\u00e9sek alapj\u00e1n a hangs\u00faly egy\u00e9rtelm\u0171en a k\u00f6z\u00f6ss\u00e9gi \u00e9lm\u00e9ny m\u00e9ly\u00edt\u00e9s\u00e9n, a hazai k\u00f6z\u00f6ns\u00e9g \u00fajrasz\u00f3l\u00edt\u00e1s\u00e1n \u00e9s a ment\u00e1lis j\u00f3ll\u00e9t [&hellip;]<\/p>\n","protected":false},"author":11,"featured_media":7944,"comment_status":"closed","ping_status":"open","sticky":false,"template":"","format":"standard","meta":{"_jetpack_memberships_contains_paid_content":false,"footnotes":""},"categories":[6,3],"tags":[32,31,672,955,956],"class_list":["post-7943","post","type-post","status-publish","format-standard","has-post-thumbnail","hentry","category-muveszet","category-szorakozzunk","tag-fesztival","tag-koncert","tag-nyar","tag-sziget","tag-szorakozas"],"jetpack_featured_media_url":"https:\/\/i0.wp.com\/diakszemmel.hu\/wp-tartalom\/uploads\/2026\/04\/young-women-having-fun-summertime-min-1-min-1-compressed-1.jpg?fit=6000%2C4000&ssl=1","jetpack_shortlink":"https:\/\/wp.me\/p7SAqx-247","jetpack_sharing_enabled":true,"_links":{"self":[{"href":"https:\/\/diakszemmel.hu\/index.php\/wp-json\/wp\/v2\/posts\/7943","targetHints":{"allow":["GET"]}}],"collection":[{"href":"https:\/\/diakszemmel.hu\/index.php\/wp-json\/wp\/v2\/posts"}],"about":[{"href":"https:\/\/diakszemmel.hu\/index.php\/wp-json\/wp\/v2\/types\/post"}],"author":[{"embeddable":true,"href":"https:\/\/diakszemmel.hu\/index.php\/wp-json\/wp\/v2\/users\/11"}],"replies":[{"embeddable":true,"href":"https:\/\/diakszemmel.hu\/index.php\/wp-json\/wp\/v2\/comments?post=7943"}],"version-history":[{"count":2,"href":"https:\/\/diakszemmel.hu\/index.php\/wp-json\/wp\/v2\/posts\/7943\/revisions"}],"predecessor-version":[{"id":7946,"href":"https:\/\/diakszemmel.hu\/index.php\/wp-json\/wp\/v2\/posts\/7943\/revisions\/7946"}],"wp:featuredmedia":[{"embeddable":true,"href":"https:\/\/diakszemmel.hu\/index.php\/wp-json\/wp\/v2\/media\/7944"}],"wp:attachment":[{"href":"https:\/\/diakszemmel.hu\/index.php\/wp-json\/wp\/v2\/media?parent=7943"}],"wp:term":[{"taxonomy":"category","embeddable":true,"href":"https:\/\/diakszemmel.hu\/index.php\/wp-json\/wp\/v2\/categories?post=7943"},{"taxonomy":"post_tag","embeddable":true,"href":"https:\/\/diakszemmel.hu\/index.php\/wp-json\/wp\/v2\/tags?post=7943"}],"curies":[{"name":"wp","href":"https:\/\/api.w.org\/{rel}","templated":true}]}}